{"id":74777,"date":"2018-11-29T14:54:55","date_gmt":"2018-11-29T17:54:55","guid":{"rendered":"http:\/\/www.caririemacao.com\/1\/?p=74777"},"modified":"2018-11-29T14:54:55","modified_gmt":"2018-11-29T17:54:55","slug":"caixa-e-bb-nao-estao-no-radar-das-privatizacoes-diz-bolsonaro","status":"publish","type":"post","link":"https:\/\/www.caririemacao.com\/1\/2018\/11\/29\/caixa-e-bb-nao-estao-no-radar-das-privatizacoes-diz-bolsonaro\/","title":{"rendered":"Caixa e BB n\u00e3o est\u00e3o no radar das privatiza\u00e7\u00f5es, diz Bolsonaro"},"content":{"rendered":"<p>O presidente eleito, Jair Bolsonaro, disse\u00a0<span id=\"OBJ_PREFIX_DWT241_com_zimbra_date\" role=\"link\"><span id=\"OBJ_PREFIX_DWT257_com_zimbra_date\" role=\"link\">hoje<\/span><\/span>\u00a0(29) que a Caixa Econ\u00f4mica Federal e o Banco do Brasil n\u00e3o est\u00e3o no radar das privatiza\u00e7\u00f5es do pr\u00f3ximo governo.\u00a0\u201cQualquer privatiza\u00e7\u00e3o tem que ser respons\u00e1vel. N\u00e3o \u00e9 jogar pra cima e ficar livre. Algumas privatiza\u00e7\u00f5es ocorrer\u00e3o. Outras estrat\u00e9gicas, n\u00e3o. Banco do Brasil e Caixa n\u00e3o est\u00e3o no nosso radar\u201d, afirmou.<\/p>\n<p>O Curso de Aperfei\u00e7oamento de Oficiais \u00e9 realizado em dois anos. Passam por oficiais do ex\u00e9rcito que se formaram na Academia Militar das Agulhas Negras (Aman), em Resende (RJ), e tenham atingido o posto de capit\u00e3o. Oficiais m\u00e9dicos tamb\u00e9m realizam uma pequena fase presencial na EsAO. O pr\u00f3prio Jair Bolsonaro j\u00e1 realizou esse curso quando estava na ativa do Ex\u00e9rcito e disse que as recorda\u00e7\u00f5es o emocionam.<\/p>\n<p>O presidente eleito\u00a0informou ainda que pretende propor uma outra Reforma da Previd\u00eancia no pr\u00f3ximo ano e avaliou que a proposta apresentada pelo governo atual \u00e9 muita agressiva com o trabalhador.<\/p>\n<p>Ele tamb\u00e9m comentou a Opera\u00e7\u00e3o Boca de Lobo, que foi deflagrada\u00a0<span id=\"OBJ_PREFIX_DWT243_com_zimbra_date\" role=\"link\"><span id=\"OBJ_PREFIX_DWT258_com_zimbra_date\" role=\"link\">hoje<\/span><\/span>\u00a0como mais um dos desdobramentos da Opera\u00e7\u00e3o Lava Jato, levando \u00e0 pris\u00e3o do governador do Rio<span id=\"OBJ_PREFIX_DWT244_com_zimbra_date\" role=\"link\">\u00a0de Janeiro<\/span>, Luiz Fernando Pez\u00e3o. Bolsonaro parabenizou a Lava Jato e disse que o respaldo que ele d\u00e1 ao combate \u00e0 corrup\u00e7\u00e3o est\u00e1 simbolizado na nomea\u00e7\u00e3o do juiz S\u00e9rgio Moro para o Minist\u00e9rio da Justi\u00e7a. \u201cO compromisso que eu tive com ele \u00e9 carta branca para o combate \u00e0 corrup\u00e7\u00e3o\u201d.<\/p>\n<p>As declara\u00e7\u00f5es ocorreram ap\u00f3s solenidade de diploma\u00e7\u00e3o do Curso de Aperfei\u00e7oamento de oficiais, na Escola de Aperfei\u00e7oamento de Oficiais (EsAO). O evento na Vila Militar, no Rio<span id=\"OBJ_PREFIX_DWT242_com_zimbra_date\" role=\"link\">\u00a0de Janeiro<\/span>, reuniu militares e familiares. Foram diplomados 420 capit\u00e3es da linha b\u00e9lica, 15 oficiais das chamadas Na\u00e7\u00f5es Amigas, seis oficiais fuzileiros navais e 29 oficiais m\u00e9dicos.<\/p>\n<p>&nbsp;<\/p>\n<p>EBC<\/p>\n","protected":false},"excerpt":{"rendered":"<p>O presidente eleito, Jair Bolsonaro, disse\u00a0hoje\u00a0(29) que a Caixa Econ\u00f4mica Federal e o Banco do Brasil n\u00e3o est\u00e3o no radar das privatiza\u00e7\u00f5es do pr\u00f3ximo governo.\u00a0\u201cQualquer&hellip; <\/p>\n","protected":false},"author":1,"featured_media":71471,"comment_status":"closed","ping_status":"closed","sticky":false,"template":"","format":"standard","meta":{"sfsi_plus_gutenberg_text_before_share":"","sfsi_plus_gutenberg_show_text_before_share":"","sfsi_plus_gutenberg_icon_type":"","sfsi_plus_gutenberg_icon_alignemt":"","sfsi_plus_gutenburg_max_per_row":"","footnotes":""},"categories":[50,2],"tags":[],"class_list":["post-74777","post","type-post","status-publish","format-standard","has-post-thumbnail","hentry","category-destaque","category-geral"],"_links":{"self":[{"href":"https:\/\/www.caririemacao.com\/1\/wp-json\/wp\/v2\/posts\/74777","targetHints":{"allow":["GET"]}}],"collection":[{"href":"https:\/\/www.caririemacao.com\/1\/wp-json\/wp\/v2\/posts"}],"about":[{"href":"https:\/\/www.caririemacao.com\/1\/wp-json\/wp\/v2\/types\/post"}],"author":[{"embeddable":true,"href":"https:\/\/www.caririemacao.com\/1\/wp-json\/wp\/v2\/users\/1"}],"replies":[{"embeddable":true,"href":"https:\/\/www.caririemacao.com\/1\/wp-json\/wp\/v2\/comments?post=74777"}],"version-history":[{"count":1,"href":"https:\/\/www.caririemacao.com\/1\/wp-json\/wp\/v2\/posts\/74777\/revisions"}],"predecessor-version":[{"id":74778,"href":"https:\/\/www.caririemacao.com\/1\/wp-json\/wp\/v2\/posts\/74777\/revisions\/74778"}],"wp:featuredmedia":[{"embeddable":true,"href":"https:\/\/www.caririemacao.com\/1\/wp-json\/wp\/v2\/media\/71471"}],"wp:attachment":[{"href":"https:\/\/www.caririemacao.com\/1\/wp-json\/wp\/v2\/media?parent=74777"}],"wp:term":[{"taxonomy":"category","embeddable":true,"href":"https:\/\/www.caririemacao.com\/1\/wp-json\/wp\/v2\/categories?post=74777"},{"taxonomy":"post_tag","embeddable":true,"href":"https:\/\/www.caririemacao.com\/1\/wp-json\/wp\/v2\/tags?post=74777"}],"curies":[{"name":"wp","href":"https:\/\/api.w.org\/{rel}","templated":true}]}}