{"id":74787,"date":"2018-11-29T21:41:16","date_gmt":"2018-11-30T00:41:16","guid":{"rendered":"http:\/\/www.caririemacao.com\/1\/?p=74787"},"modified":"2018-11-29T21:41:16","modified_gmt":"2018-11-30T00:41:16","slug":"secretario-do-planejamento-de-caraubas-participa-em-salvador-de-evento-nacional","status":"publish","type":"post","link":"https:\/\/www.caririemacao.com\/1\/2018\/11\/29\/secretario-do-planejamento-de-caraubas-participa-em-salvador-de-evento-nacional\/","title":{"rendered":"SECRET\u00c1RIO DO PLANEJAMENTO DE CARA\u00daBAS PARTICIPA, EM SALVADOR, DE EVENTO NACIONAL"},"content":{"rendered":"<div>A Prefeitura Municipal de Cara\u00fabas est\u00e1 sendo representada em Salvador \u2013 BA, pelo jornalista Eduardo Belo, Secret\u00e1rio do Planejamento, Comunica\u00e7\u00e3o Institucional e Gest\u00e3o, durante a realiza\u00e7\u00e3o do Encontro Nacional do Programa \u00c1gua Doce \u2013 PAD, promovido pelo Minist\u00e9rio do Meio Ambiente e a coordena\u00e7\u00e3o nacional do mencionado Programa.<\/div>\n<div>O evento foi aberto oficialmente na manh\u00e3 desta quarta-feira, dia 28\/11 e ser\u00e1 encerrado no pr\u00f3ximo dia 30\/11, no audit\u00f3rio do Hotel Sol Barra Salvador. Na abertura do evento que contou com a participa\u00e7\u00e3o do representante do Ministro do Meio Ambiente, o Senhor Jair Tanuss, pelo coordenador nacional do PAD, Renato Saraiva, representantes do FIDA e outras entidades parceiras, bem como, de secret\u00e1rios de Estado, prefeitos, secret\u00e1rios municipais, comit\u00ea gestor e operadores do sistema.<\/div>\n<div>O principal objetivo do encontro \u00e9 a troca de experi\u00eancias entre os Estados envolvidos, bem como, a renova\u00e7\u00e3o dos acordos de gest\u00e3o para manuten\u00e7\u00e3o do programa em funcionamento como uma pol\u00edtica p\u00fablica de acesso a \u00e1gua de qualidade.<\/div>\n<div>O secret\u00e1rio do planejamento, Eduardo Belo, participou da mesa de abertura dos trabalhos na tarde desta quarta-feira e falou da import\u00e2ncia do PAD no munic\u00edpio de Cara\u00fabas, bem como, da necessidade de manuten\u00e7\u00e3o e amplia\u00e7\u00e3o dos sistemas para atender outras comunidades rurais necessitadas. Posso falar com propriedade deste programa, pois, participei de sua funda\u00e7\u00e3o no munic\u00edpio de Cara\u00fabas, no ano de 2011, ainda na gest\u00e3o do saudoso ex-prefeito Severino Dudu, disse o secret\u00e1rio.<\/div>\n<div>Cara\u00fabas hoje disp\u00f5e de 04 (quatro) sistemas, sendo 03(tr\u00eas) em pleno funcionamento e 01(um) em fase final de implanta\u00e7\u00e3o, localizado no Distrito de Barreiras. Nos tr\u00eas que est\u00e3o funcionando percebe-se a alegria dos usu\u00e1rios que antes n\u00e3o tinham \u00e1gua de qualidade e tratada para o consumo. Hoje estou feliz em poder ter sido escolhido para falar da execu\u00e7\u00e3o do Programa no nosso munic\u00edpio e saber que temos um resultado impressionante e uma capacidade de transforma\u00e7\u00e3o no comportamento das pessoas. Aproveito para parabenizar a coordena\u00e7\u00e3o estadual do Programa na pessoa do Robi Tabolka, e sua equipe pela dedica\u00e7\u00e3o e o zelo com o Programa, finalizou ele.<\/div>\n<div>Nesta quinta-feira, o secret\u00e1rio participar\u00e1 do Encontro Regional Nordeste: O Brasil que cuida de suas \u00e1guas. \u00c1s 9h., haver\u00e1 uma reuni\u00e3o sobre o Programa Nacional de Revitaliza\u00e7\u00e3o de Bacias Hidrogr\u00e1ficas e a Agenda 2030 para o Desenvolvimento Sustent\u00e1vel. \u00c1s 10h30min., participar\u00e1 da palestra \u201cGest\u00e3o das \u00c1guas no Nordeste Brasileiro\u201d. Em seguida haver\u00e1 uma outra palestra sobre os desafios para revitaliza\u00e7\u00e3o de bacias hidrogr\u00e1ficas no semi\u00e1rido brasileiro. \u00c1s 11h30min., participa do Painel Governamental \u2013 Experi\u00eancias e contribui\u00e7\u00f5es ao Programa Nacional de Revitaliza\u00e7\u00e3o de Bacias Hidrogr\u00e1ficas.<\/div>\n<div>J\u00e1 no per\u00edodo da tarde participa de oficinas sobre o tema proposto: O Brasil que cuida de suas \u00e1guas.<\/div>\n<div><\/div>\n<div><\/div>\n<div>Ascom<\/div>\n","protected":false},"excerpt":{"rendered":"<p>A Prefeitura Municipal de Cara\u00fabas est\u00e1 sendo representada em Salvador \u2013 BA, pelo jornalista Eduardo Belo, Secret\u00e1rio do Planejamento, Comunica\u00e7\u00e3o Institucional e Gest\u00e3o, durante a&hellip; <\/p>\n","protected":false},"author":1,"featured_media":74788,"comment_status":"closed","ping_status":"closed","sticky":false,"template":"","format":"standard","meta":{"sfsi_plus_gutenberg_text_before_share":"","sfsi_plus_gutenberg_show_text_before_share":"","sfsi_plus_gutenberg_icon_type":"","sfsi_plus_gutenberg_icon_alignemt":"","sfsi_plus_gutenburg_max_per_row":"","footnotes":""},"categories":[6],"tags":[],"class_list":["post-74787","post","type-post","status-publish","format-standard","has-post-thumbnail","hentry","category-cidades"],"_links":{"self":[{"href":"https:\/\/www.caririemacao.com\/1\/wp-json\/wp\/v2\/posts\/74787","targetHints":{"allow":["GET"]}}],"collection":[{"href":"https:\/\/www.caririemacao.com\/1\/wp-json\/wp\/v2\/posts"}],"about":[{"href":"https:\/\/www.caririemacao.com\/1\/wp-json\/wp\/v2\/types\/post"}],"author":[{"embeddable":true,"href":"https:\/\/www.caririemacao.com\/1\/wp-json\/wp\/v2\/users\/1"}],"replies":[{"embeddable":true,"href":"https:\/\/www.caririemacao.com\/1\/wp-json\/wp\/v2\/comments?post=74787"}],"version-history":[{"count":1,"href":"https:\/\/www.caririemacao.com\/1\/wp-json\/wp\/v2\/posts\/74787\/revisions"}],"predecessor-version":[{"id":74789,"href":"https:\/\/www.caririemacao.com\/1\/wp-json\/wp\/v2\/posts\/74787\/revisions\/74789"}],"wp:featuredmedia":[{"embeddable":true,"href":"https:\/\/www.caririemacao.com\/1\/wp-json\/wp\/v2\/media\/74788"}],"wp:attachment":[{"href":"https:\/\/www.caririemacao.com\/1\/wp-json\/wp\/v2\/media?parent=74787"}],"wp:term":[{"taxonomy":"category","embeddable":true,"href":"https:\/\/www.caririemacao.com\/1\/wp-json\/wp\/v2\/categories?post=74787"},{"taxonomy":"post_tag","embeddable":true,"href":"https:\/\/www.caririemacao.com\/1\/wp-json\/wp\/v2\/tags?post=74787"}],"curies":[{"name":"wp","href":"https:\/\/api.w.org\/{rel}","templated":true}]}}