{"id":74801,"date":"2018-11-29T22:31:29","date_gmt":"2018-11-30T01:31:29","guid":{"rendered":"http:\/\/www.caririemacao.com\/1\/?p=74801"},"modified":"2018-11-29T22:31:29","modified_gmt":"2018-11-30T01:31:29","slug":"cec-educacional-esta-com-vagas-abertas-em-parceria-com-a-tradicional-universidade-brasil","status":"publish","type":"post","link":"https:\/\/www.caririemacao.com\/1\/2018\/11\/29\/cec-educacional-esta-com-vagas-abertas-em-parceria-com-a-tradicional-universidade-brasil\/","title":{"rendered":"CEC EDUCACIONAL est\u00e1 com vagas abertas em parceria com a tradicional UNIVERSIDADE BRASIL"},"content":{"rendered":"<p>O CEC EDUCACIONAL est\u00e1 com vagas abertas atrav\u00e9s de mais uma excelente parceria com uma das mais tradicionais institui\u00e7\u00f5es de ensino EAD do pa\u00eds, a UNIVERSIDADE BRASIL.<\/p>\n<p>O diretor do CEC esteve participando de encontro onde foram definidos os \u00faltimos detalhes da importante parceria que vai viabilizar para os alunos de Monteiro, Cariri e grande parte do estado de Pernambuco que frequentam a institui\u00e7\u00e3o, vagas em cursos de excel\u00eancia, e que figuram entre os mais procurados do pa\u00eds.<\/p>\n<p>S\u00e3o vagas para cursos com gradua\u00e7\u00e3o EAD, e tamb\u00e9m gradua\u00e7\u00e3o semi presencial. Os detalhes e a lista de cursos podem ser conferidos no banner no in\u00edcio da mat\u00e9ria.<\/p>\n<p><strong>T\u00cdTULO DE CIDAD\u00c3O<\/strong><\/p>\n<p>Outra grande not\u00edcia, \u00e9 que o trabalho do professor C\u00edcero Roberto foi reconhecido mais uma vez, pelo seu investimento em educa\u00e7\u00e3o de qualidade na regi\u00e3o.<\/p>\n<p>O diretor do CEC ser\u00e1 agraciado em breve com um \u201cT\u00edtulo de Cidad\u00e3o\u201d do munic\u00edpio de Camala\u00fa, de forma just\u00edssima. O requerimento que solicita o t\u00edtulo j\u00e1 foi aprovado na c\u00e2mara municipal de Camala\u00fa, e os detalhes da entrega ser\u00e3o confirmados em breve.<\/p>\n<p><strong>F\u00c1BIO BRITO<\/strong><\/p>\n","protected":false},"excerpt":{"rendered":"<p>O CEC EDUCACIONAL est\u00e1 com vagas abertas atrav\u00e9s de mais uma excelente parceria com uma das mais tradicionais institui\u00e7\u00f5es de ensino EAD do pa\u00eds, a&hellip; <\/p>\n","protected":false},"author":1,"featured_media":74802,"comment_status":"closed","ping_status":"closed","sticky":false,"template":"","format":"standard","meta":{"sfsi_plus_gutenberg_text_before_share":"","sfsi_plus_gutenberg_show_text_before_share":"","sfsi_plus_gutenberg_icon_type":"","sfsi_plus_gutenberg_icon_alignemt":"","sfsi_plus_gutenburg_max_per_row":"","footnotes":""},"categories":[2],"tags":[],"class_list":["post-74801","post","type-post","status-publish","format-standard","has-post-thumbnail","hentry","category-geral"],"_links":{"self":[{"href":"https:\/\/www.caririemacao.com\/1\/wp-json\/wp\/v2\/posts\/74801","targetHints":{"allow":["GET"]}}],"collection":[{"href":"https:\/\/www.caririemacao.com\/1\/wp-json\/wp\/v2\/posts"}],"about":[{"href":"https:\/\/www.caririemacao.com\/1\/wp-json\/wp\/v2\/types\/post"}],"author":[{"embeddable":true,"href":"https:\/\/www.caririemacao.com\/1\/wp-json\/wp\/v2\/users\/1"}],"replies":[{"embeddable":true,"href":"https:\/\/www.caririemacao.com\/1\/wp-json\/wp\/v2\/comments?post=74801"}],"version-history":[{"count":1,"href":"https:\/\/www.caririemacao.com\/1\/wp-json\/wp\/v2\/posts\/74801\/revisions"}],"predecessor-version":[{"id":74803,"href":"https:\/\/www.caririemacao.com\/1\/wp-json\/wp\/v2\/posts\/74801\/revisions\/74803"}],"wp:featuredmedia":[{"embeddable":true,"href":"https:\/\/www.caririemacao.com\/1\/wp-json\/wp\/v2\/media\/74802"}],"wp:attachment":[{"href":"https:\/\/www.caririemacao.com\/1\/wp-json\/wp\/v2\/media?parent=74801"}],"wp:term":[{"taxonomy":"category","embeddable":true,"href":"https:\/\/www.caririemacao.com\/1\/wp-json\/wp\/v2\/categories?post=74801"},{"taxonomy":"post_tag","embeddable":true,"href":"https:\/\/www.caririemacao.com\/1\/wp-json\/wp\/v2\/tags?post=74801"}],"curies":[{"name":"wp","href":"https:\/\/api.w.org\/{rel}","templated":true}]}}