{"id":74804,"date":"2018-11-29T22:49:11","date_gmt":"2018-11-30T01:49:11","guid":{"rendered":"http:\/\/www.caririemacao.com\/1\/?p=74804"},"modified":"2018-11-29T22:49:11","modified_gmt":"2018-11-30T01:49:11","slug":"familia-foge-de-sume-no-cariri-apos-ser-ameacada-de-morte-assista-aqui","status":"publish","type":"post","link":"https:\/\/www.caririemacao.com\/1\/2018\/11\/29\/familia-foge-de-sume-no-cariri-apos-ser-ameacada-de-morte-assista-aqui\/","title":{"rendered":"Fam\u00edlia foge de Sum\u00e9, no Cariri, ap\u00f3s ser amea\u00e7ada de morte; assista aqui"},"content":{"rendered":"<div class=\"wpb_video_wrapper\"><\/div>\n<p><iframe data-src=\"https:\/\/www.facebook.com\/plugins\/video.php?href=https%3A%2F%2Fwww.facebook.com%2Fportaltvcariri%2Fvideos%2F358456691381589%2F&amp;show_text=0&amp;width=560\" width=\"560\" height=\"315\" frameborder=\"0\" scrolling=\"no\" allowfullscreen=\"allowfullscreen\" data-mce-fragment=\"1\" src=\"data:image\/svg+xml;base64,PHN2ZyB3aWR0aD0iMSIgaGVpZ2h0PSIxIiB4bWxucz0iaHR0cDovL3d3dy53My5vcmcvMjAwMC9zdmciPjwvc3ZnPg==\" class=\"lazyload\" data-load-mode=\"1\"><\/iframe><\/p>\n<p><strong>Relembre o caso:\u00a0<\/strong><\/p>\n<h1 class=\"\\&quot;entry-title\\&quot;\"><strong>Jovem \u00e9 assassinada a tiros e outro fica ferido em Sum\u00e9<\/strong><\/h1>\n<p>&nbsp;<\/p>\n<p>O fato aconteceu na noite do domingo 08 de Outubro, a v\u00edtima, Lucicleia Ferreira, estava na cal\u00e7ada de casa com o irm\u00e3o e os amigos quando dois homens em uma moto se aproximaram e efetuaram v\u00e1rios disparos,<\/p>\n<p>Queinha foi atingida e socorrida, mas n\u00e3o resistiu e veio a \u00f3bito no hospital.<\/p>\n<p>O seu irm\u00e3o conhecido como Jefferson tamb\u00e9m foi atingido com tiros de rasp\u00e3o no bra\u00e7o e na perna, e foi socorrido para Campina Grande onde passa bem.<\/p>\n<p>&nbsp;<\/p>\n<p>TVCARIRI<\/p>\n","protected":false},"excerpt":{"rendered":"<p>Relembre o caso:\u00a0 Jovem \u00e9 assassinada a tiros e outro fica ferido em Sum\u00e9 &nbsp; O fato aconteceu na noite do domingo 08 de Outubro,&hellip; <\/p>\n","protected":false},"author":1,"featured_media":16349,"comment_status":"closed","ping_status":"closed","sticky":false,"template":"","format":"standard","meta":{"sfsi_plus_gutenberg_text_before_share":"","sfsi_plus_gutenberg_show_text_before_share":"","sfsi_plus_gutenberg_icon_type":"","sfsi_plus_gutenberg_icon_alignemt":"","sfsi_plus_gutenburg_max_per_row":"","footnotes":""},"categories":[12],"tags":[],"class_list":["post-74804","post","type-post","status-publish","format-standard","has-post-thumbnail","hentry","category-policia"],"_links":{"self":[{"href":"https:\/\/www.caririemacao.com\/1\/wp-json\/wp\/v2\/posts\/74804","targetHints":{"allow":["GET"]}}],"collection":[{"href":"https:\/\/www.caririemacao.com\/1\/wp-json\/wp\/v2\/posts"}],"about":[{"href":"https:\/\/www.caririemacao.com\/1\/wp-json\/wp\/v2\/types\/post"}],"author":[{"embeddable":true,"href":"https:\/\/www.caririemacao.com\/1\/wp-json\/wp\/v2\/users\/1"}],"replies":[{"embeddable":true,"href":"https:\/\/www.caririemacao.com\/1\/wp-json\/wp\/v2\/comments?post=74804"}],"version-history":[{"count":1,"href":"https:\/\/www.caririemacao.com\/1\/wp-json\/wp\/v2\/posts\/74804\/revisions"}],"predecessor-version":[{"id":74815,"href":"https:\/\/www.caririemacao.com\/1\/wp-json\/wp\/v2\/posts\/74804\/revisions\/74815"}],"wp:featuredmedia":[{"embeddable":true,"href":"https:\/\/www.caririemacao.com\/1\/wp-json\/wp\/v2\/media\/16349"}],"wp:attachment":[{"href":"https:\/\/www.caririemacao.com\/1\/wp-json\/wp\/v2\/media?parent=74804"}],"wp:term":[{"taxonomy":"category","embeddable":true,"href":"https:\/\/www.caririemacao.com\/1\/wp-json\/wp\/v2\/categories?post=74804"},{"taxonomy":"post_tag","embeddable":true,"href":"https:\/\/www.caririemacao.com\/1\/wp-json\/wp\/v2\/tags?post=74804"}],"curies":[{"name":"wp","href":"https:\/\/api.w.org\/{rel}","templated":true}]}}