{"id":74806,"date":"2018-11-29T22:36:14","date_gmt":"2018-11-30T01:36:14","guid":{"rendered":"http:\/\/www.caririemacao.com\/1\/?p=74806"},"modified":"2018-11-29T22:36:14","modified_gmt":"2018-11-30T01:36:14","slug":"alpb-oposicao-devera-votar-em-adriano-galdino-revela-deputado-eleito","status":"publish","type":"post","link":"https:\/\/www.caririemacao.com\/1\/2018\/11\/29\/alpb-oposicao-devera-votar-em-adriano-galdino-revela-deputado-eleito\/","title":{"rendered":"ALPB: Oposi\u00e7\u00e3o dever\u00e1 votar em Adriano Galdino, revela deputado eleito"},"content":{"rendered":"<p style=\"font-weight: 400;\">O vereador de Jo\u00e3o Pessoa e deputado estadual eleito, Eduardo Carneiro, do PRTB, confirmou nesta quinta-feira (29) que j\u00e1 houve uma reuni\u00e3o entre os novos deputados eleitos que v\u00e3o compor a oposi\u00e7\u00e3o ao Governo na Assembleia Legislativa da Para\u00edba (ALPB). De acordo com o vereador, a pauta da conversa foi a forma\u00e7\u00e3o da Mesa Diretora da Casa.<\/p>\n<p style=\"font-weight: 400;\">\u201cN\u00f3s conversamos com a bancada da oposi\u00e7\u00e3o, tivemos um almo\u00e7o. Alguns n\u00e3o puderam estar presentes, mas a maioria esteve e n\u00f3s estamos conversando. Obviamente a forma\u00e7\u00e3o da Mesa.\u00a0Diretoria tem uma \u00fanica candidatura posta para o primeiro bi\u00eanio, que \u00e9 justamente a de Adriano Galdino e n\u00f3s estamos conversando nesse sentido\u201d, disse Carneiro que tamb\u00e9m confirmou o apoio ao candidato.<\/p>\n<p style=\"font-weight: 400;\">J\u00e1 sobre a lideran\u00e7a da oposi\u00e7\u00e3o na ALPB, o deputado eleito disse que seu nome est\u00e1 sempre a disposi\u00e7\u00e3o para o desafio que vier, mas que acredita que no atual cen\u00e1rio outras pessoas devem ocupar esse lugar.<\/p>\n","protected":false},"excerpt":{"rendered":"<p>O vereador de Jo\u00e3o Pessoa e deputado estadual eleito, Eduardo Carneiro, do PRTB, confirmou nesta quinta-feira (29) que j\u00e1 houve uma reuni\u00e3o entre os novos&hellip; <\/p>\n","protected":false},"author":1,"featured_media":10627,"comment_status":"closed","ping_status":"closed","sticky":false,"template":"","format":"standard","meta":{"sfsi_plus_gutenberg_text_before_share":"","sfsi_plus_gutenberg_show_text_before_share":"","sfsi_plus_gutenberg_icon_type":"","sfsi_plus_gutenberg_icon_alignemt":"","sfsi_plus_gutenburg_max_per_row":"","footnotes":""},"categories":[2],"tags":[],"class_list":["post-74806","post","type-post","status-publish","format-standard","has-post-thumbnail","hentry","category-geral"],"_links":{"self":[{"href":"https:\/\/www.caririemacao.com\/1\/wp-json\/wp\/v2\/posts\/74806","targetHints":{"allow":["GET"]}}],"collection":[{"href":"https:\/\/www.caririemacao.com\/1\/wp-json\/wp\/v2\/posts"}],"about":[{"href":"https:\/\/www.caririemacao.com\/1\/wp-json\/wp\/v2\/types\/post"}],"author":[{"embeddable":true,"href":"https:\/\/www.caririemacao.com\/1\/wp-json\/wp\/v2\/users\/1"}],"replies":[{"embeddable":true,"href":"https:\/\/www.caririemacao.com\/1\/wp-json\/wp\/v2\/comments?post=74806"}],"version-history":[{"count":1,"href":"https:\/\/www.caririemacao.com\/1\/wp-json\/wp\/v2\/posts\/74806\/revisions"}],"predecessor-version":[{"id":74807,"href":"https:\/\/www.caririemacao.com\/1\/wp-json\/wp\/v2\/posts\/74806\/revisions\/74807"}],"wp:featuredmedia":[{"embeddable":true,"href":"https:\/\/www.caririemacao.com\/1\/wp-json\/wp\/v2\/media\/10627"}],"wp:attachment":[{"href":"https:\/\/www.caririemacao.com\/1\/wp-json\/wp\/v2\/media?parent=74806"}],"wp:term":[{"taxonomy":"category","embeddable":true,"href":"https:\/\/www.caririemacao.com\/1\/wp-json\/wp\/v2\/categories?post=74806"},{"taxonomy":"post_tag","embeddable":true,"href":"https:\/\/www.caririemacao.com\/1\/wp-json\/wp\/v2\/tags?post=74806"}],"curies":[{"name":"wp","href":"https:\/\/api.w.org\/{rel}","templated":true}]}}