{"id":74816,"date":"2018-11-29T22:56:07","date_gmt":"2018-11-30T01:56:07","guid":{"rendered":"http:\/\/www.caririemacao.com\/1\/?p=74816"},"modified":"2018-11-29T22:56:07","modified_gmt":"2018-11-30T01:56:07","slug":"midia-internacional-destaca-lajedo-do-pai-mateus-no-cariri-como-brasil-desconhecido","status":"publish","type":"post","link":"https:\/\/www.caririemacao.com\/1\/2018\/11\/29\/midia-internacional-destaca-lajedo-do-pai-mateus-no-cariri-como-brasil-desconhecido\/","title":{"rendered":"M\u00eddia internacional destaca Lajedo do Pai Mateus, no Cariri, como \u2018Brasil desconhecido\u2019"},"content":{"rendered":"<p class=\"m_5974388100306385830NoSpacing\">O jornal e portal La Naci\u00f3n, um dos principais ve\u00edculos de comunica\u00e7\u00e3o da Argentina, destacou em mais uma reportagem um dos principais roteiros tur\u00edsticos da Para\u00edba, mas que ainda precisa ser descoberto pelos turistas estrangeiros. O t\u00edtulo da reportagem veiculada no final de semana passada apresenta o lajedo como um \u2018Brasil desconhecido\u2019.<\/p>\n<p class=\"m_5974388100306385830m-2560244317889625156gmail-msonospacing\">A reportagem faz uma apresenta\u00e7\u00e3o de Cabaceiras, cidade paraibana encravada na regi\u00e3o do Cariri, como um dos lugares que menos chove no pa\u00eds, mas que \u00e9 o preferido dos cineastas brasileiros, que fizeram do Lajedo de Pai Mateus cen\u00e1rio perfeito para uma s\u00e9rie de produ\u00e7\u00f5es cinematogr\u00e1ficas, miniss\u00e9ries de tev\u00ea e superprodu\u00e7\u00f5es, a exemplo do ic\u00f4nico Alto da Compadecida, de autoria do paraibano Ariano Suassuna.<u><\/u><u><\/u><\/p>\n<p class=\"m_5974388100306385830m-2560244317889625156gmail-msonospacing\">Cabaceiras, revela a reportagem para os argentinos, \u00e9 considerada uma \u201cflorescente Hollywood brasileira, onde na entrada h\u00e1 uma placa gigantesca indicando a chegada \u00e0 Roli\u00fade Nordestina. Uma das raz\u00f5es pelas quais ele foi escolhido \u00e9 a falta de chuva, at\u00e9 o momento 30 s\u00e9ries e filmes foram filmados no local\u201d.<u><\/u><u><\/u><\/p>\n<p><img fetchpriority=\"high\" decoding=\"async\" class=\"aligncenter wp-image-32141 size-large td-animation-stack-type0-2\" title=\"Lajedo-do-Pai-Mateus.05\" src=\"https:\/\/i2.wp.com\/www.portaltvcariri.com.br\/wp-content\/uploads\/2018\/11\/Lajedo-do-Pai-Mateus.05.jpg?resize=696%2C392&amp;ssl=1\" sizes=\"(max-width: 696px) 100vw, 696px\" srcset=\"https:\/\/i0.wp.com\/www.portaltvcariri.com.br\/wp-content\/uploads\/2018\/11\/Lajedo-do-Pai-Mateus.05.jpg?resize=1024%2C576&amp;ssl=1 1024w, https:\/\/i1.wp.com\/www.portaltvcariri.com.br\/wp-content\/uploads\/2018\/11\/Lajedo-do-Pai-Mateus.05.jpg?resize=300%2C169&amp;ssl=1 300w, https:\/\/i2.wp.com\/www.portaltvcariri.com.br\/wp-content\/uploads\/2018\/11\/Lajedo-do-Pai-Mateus.05.jpg?resize=768%2C432&amp;ssl=1 768w, https:\/\/i0.wp.com\/www.portaltvcariri.com.br\/wp-content\/uploads\/2018\/11\/Lajedo-do-Pai-Mateus.05.jpg?resize=696%2C392&amp;ssl=1 696w, https:\/\/i1.wp.com\/www.portaltvcariri.com.br\/wp-content\/uploads\/2018\/11\/Lajedo-do-Pai-Mateus.05.jpg?resize=1068%2C601&amp;ssl=1 1068w, https:\/\/i0.wp.com\/www.portaltvcariri.com.br\/wp-content\/uploads\/2018\/11\/Lajedo-do-Pai-Mateus.05.jpg?resize=747%2C420&amp;ssl=1 747w, https:\/\/i1.wp.com\/www.portaltvcariri.com.br\/wp-content\/uploads\/2018\/11\/Lajedo-do-Pai-Mateus.05.jpg?w=1280&amp;ssl=1 1280w\" alt=\"Lajedo-do-Pai-Mateus.05\" width=\"696\" height=\"392\" data-large-file=\"https:\/\/i0.wp.com\/www.portaltvcariri.com.br\/wp-content\/uploads\/2018\/11\/Lajedo-do-Pai-Mateus.05.jpg?fit=696%2C392&amp;ssl=1\" data-medium-file=\"https:\/\/i2.wp.com\/www.portaltvcariri.com.br\/wp-content\/uploads\/2018\/11\/Lajedo-do-Pai-Mateus.05.jpg?fit=300%2C169&amp;ssl=1\" data-image-description=\"\" data-image-title=\"Lajedo-do-Pai-Mateus.05\" data-image-meta=\"{&quot;aperture&quot;:&quot;0&quot;,&quot;credit&quot;:&quot;&quot;,&quot;camera&quot;:&quot;&quot;,&quot;caption&quot;:&quot;&quot;,&quot;created_timestamp&quot;:&quot;0&quot;,&quot;copyright&quot;:&quot;&quot;,&quot;focal_length&quot;:&quot;0&quot;,&quot;iso&quot;:&quot;0&quot;,&quot;shutter_speed&quot;:&quot;0&quot;,&quot;title&quot;:&quot;&quot;,&quot;orientation&quot;:&quot;0&quot;}\" data-comments-opened=\"1\" data-orig-size=\"1280,720\" data-orig-file=\"https:\/\/i0.wp.com\/www.portaltvcariri.com.br\/wp-content\/uploads\/2018\/11\/Lajedo-do-Pai-Mateus.05.jpg?fit=1280%2C720&amp;ssl=1\" data-permalink=\"https:\/\/www.portaltvcariri.com.br\/midia-internacional-destaca-lajedo-do-pai-mateus-no-cariri-como-brasil-desconhecido\/lajedo-do-pai-mateus-05\/\" data-attachment-id=\"32141\" \/><\/p>\n<p class=\"m_5974388100306385830m-2560244317889625156gmail-msonospacing\">\u201cAs misteriosas rochas de Pai Mateus\u201d, aponta a reportagem, ficam \u201clonge da praia e das caipirinhas\u201d, mas s\u00e3o uma \u201cpaisagem totalmente diferente do Nordeste brasileiro, com clima des\u00e9rtico, hospedagem rural e algumas curiosas forma\u00e7\u00f5es\u201d, narra trecho da reportagem.<u><\/u><u><\/u><\/p>\n<p class=\"m_5974388100306385830m-2560244317889625156gmail-msonospacing\">A reportagem sobre Cabaceiras \u00e9 a segunda veiculada pela La Naci\u00f3n. Em julho deste ano, os argentinos tiveram a oportunidade de conhecer os principais pontos tur\u00edsticos entre Jo\u00e3o Pessoa, Cabedelo e Costa do Conde, numa narrativa de autoria da jornalista Silvina Beccar Varela, que esteve na Para\u00edba integrando um grupo de jornalistas da Argentina que participou de um fampress organizado pela PBTur (Empresa Paraibana de Turismo).<u><\/u><u><\/u><\/p>\n<p class=\"m_5974388100306385830m-2560244317889625156gmail-msonospacing\">De acordo com Ruth Avelino, presidente da PBTur, a a\u00e7\u00e3o faz parte do processo de divulga\u00e7\u00e3o dos roteiros paraibanos na Argentina para refor\u00e7ar a ocupa\u00e7\u00e3o do voo regular semanal entre Buenos Aires e Jo\u00e3o Pessoa, operado pela Gol Linhas Inteligentes desde o dia 1 de julho do ano passado. Ap\u00f3s o incremento deste voo, segundo dados da pr\u00f3pria PBTur, houve um aumento superior a 300% no n\u00famero de turistas argentinos em Jo\u00e3o Pessoa, conforme informa\u00e7\u00f5es repassadas pela hotelaria. O voo chega \u00e0 capital paraibana com uma ocupa\u00e7\u00e3o m\u00e9dia de 85%, segundo a companhia a\u00e9rea.<u><\/u><u><\/u><\/p>\n<p class=\"m_5974388100306385830m-2560244317889625156gmail-msonospacing\"><strong><a>Confira a reportagem:\u00a0<\/a><a href=\"https:\/\/www.lanacion.com.ar\/2195620-las-misteriosas-piedras-del-pai-mateus\" target=\"_blank\" rel=\"noopener noreferrer\" data-saferedirecturl=\"https:\/\/www.google.com\/url?q=https:\/\/www.lanacion.com.ar\/2195620-las-misteriosas-piedras-del-pai-mateus&amp;source=gmail&amp;ust=1543430387146000&amp;usg=AFQjCNH7kN1vasPbDVpBWdUvRjE9DAJNAQ\">https:\/\/www.<wbr \/>lanacion.com.ar\/2195620-las-<wbr \/>misteriosas-piedras-del-pai-<wbr \/>mateus<\/a><\/strong><\/p>\n","protected":false},"excerpt":{"rendered":"<p>O jornal e portal La Naci\u00f3n, um dos principais ve\u00edculos de comunica\u00e7\u00e3o da Argentina, destacou em mais uma reportagem um dos principais roteiros tur\u00edsticos da&hellip; <\/p>\n","protected":false},"author":1,"featured_media":74817,"comment_status":"closed","ping_status":"closed","sticky":false,"template":"","format":"standard","meta":{"sfsi_plus_gutenberg_text_before_share":"","sfsi_plus_gutenberg_show_text_before_share":"","sfsi_plus_gutenberg_icon_type":"","sfsi_plus_gutenberg_icon_alignemt":"","sfsi_plus_gutenburg_max_per_row":"","footnotes":""},"categories":[15],"tags":[],"class_list":["post-74816","post","type-post","status-publish","format-standard","has-post-thumbnail","hentry","category-cultura"],"_links":{"self":[{"href":"https:\/\/www.caririemacao.com\/1\/wp-json\/wp\/v2\/posts\/74816","targetHints":{"allow":["GET"]}}],"collection":[{"href":"https:\/\/www.caririemacao.com\/1\/wp-json\/wp\/v2\/posts"}],"about":[{"href":"https:\/\/www.caririemacao.com\/1\/wp-json\/wp\/v2\/types\/post"}],"author":[{"embeddable":true,"href":"https:\/\/www.caririemacao.com\/1\/wp-json\/wp\/v2\/users\/1"}],"replies":[{"embeddable":true,"href":"https:\/\/www.caririemacao.com\/1\/wp-json\/wp\/v2\/comments?post=74816"}],"version-history":[{"count":1,"href":"https:\/\/www.caririemacao.com\/1\/wp-json\/wp\/v2\/posts\/74816\/revisions"}],"predecessor-version":[{"id":74818,"href":"https:\/\/www.caririemacao.com\/1\/wp-json\/wp\/v2\/posts\/74816\/revisions\/74818"}],"wp:featuredmedia":[{"embeddable":true,"href":"https:\/\/www.caririemacao.com\/1\/wp-json\/wp\/v2\/media\/74817"}],"wp:attachment":[{"href":"https:\/\/www.caririemacao.com\/1\/wp-json\/wp\/v2\/media?parent=74816"}],"wp:term":[{"taxonomy":"category","embeddable":true,"href":"https:\/\/www.caririemacao.com\/1\/wp-json\/wp\/v2\/categories?post=74816"},{"taxonomy":"post_tag","embeddable":true,"href":"https:\/\/www.caririemacao.com\/1\/wp-json\/wp\/v2\/tags?post=74816"}],"curies":[{"name":"wp","href":"https:\/\/api.w.org\/{rel}","templated":true}]}}