{"id":74820,"date":"2018-11-29T23:34:23","date_gmt":"2018-11-30T02:34:23","guid":{"rendered":"http:\/\/www.caririemacao.com\/1\/?p=74820"},"modified":"2018-11-29T23:34:23","modified_gmt":"2018-11-30T02:34:23","slug":"prefeito-eden-emite-nota-de-pesar-pelo-falecimento-da-mae-do-deputado-branco-mendes","status":"publish","type":"post","link":"https:\/\/www.caririemacao.com\/1\/2018\/11\/29\/prefeito-eden-emite-nota-de-pesar-pelo-falecimento-da-mae-do-deputado-branco-mendes\/","title":{"rendered":"Prefeito \u00c9den emite nota de pesar pelo falecimento da m\u00e3e do deputado Branco Mendes"},"content":{"rendered":"<p>\u00c9 com muito pesar que comunico o falecimento da m\u00e3e do deputado Branco Mendes, dona Francisca Rodrigues N\u00f3brega.<\/p>\n<p>Ela tinha 83 anos de idade e faleceu na manh\u00e3 desta quinta-feira (29). O vel\u00f3rio ser\u00e1 realizado na Central S\u00e3o Jo\u00e3o Batista, em Jo\u00e3o Pessoa. O sepultamento ocorrer\u00e1 nesta sexta-feira (30), no s\u00edtio Log<span class=\"text_exposed_show\">radouro, munic\u00edpio de Aguiar, terra natal da fam\u00edlia.<\/p>\n<p>Neste momento de profundo pesar, solidarizo-me com os familiares do deputado e amigo Branco Mendes, pedindo a Deus que conforte o cora\u00e7\u00e3o de cada um neste momento de dor e que d\u00ea a dona Francisca o merecido repouso eterno.<\/p>\n<p>Respeitosamente prestamos as nossas condol\u00eancias e deixamos os nossos sinceros p\u00easames.<\/p>\n<p>\u00c9den Duarte<br \/>\nPrefeito de Sum\u00e9<\/span><\/p>\n","protected":false},"excerpt":{"rendered":"<p>\u00c9 com muito pesar que comunico o falecimento da m\u00e3e do deputado Branco Mendes, dona Francisca Rodrigues N\u00f3brega. Ela tinha 83 anos de idade e&hellip; <\/p>\n","protected":false},"author":1,"featured_media":74821,"comment_status":"closed","ping_status":"closed","sticky":false,"template":"","format":"standard","meta":{"sfsi_plus_gutenberg_text_before_share":"","sfsi_plus_gutenberg_show_text_before_share":"","sfsi_plus_gutenberg_icon_type":"","sfsi_plus_gutenberg_icon_alignemt":"","sfsi_plus_gutenburg_max_per_row":"","footnotes":""},"categories":[2],"tags":[],"class_list":["post-74820","post","type-post","status-publish","format-standard","has-post-thumbnail","hentry","category-geral"],"_links":{"self":[{"href":"https:\/\/www.caririemacao.com\/1\/wp-json\/wp\/v2\/posts\/74820","targetHints":{"allow":["GET"]}}],"collection":[{"href":"https:\/\/www.caririemacao.com\/1\/wp-json\/wp\/v2\/posts"}],"about":[{"href":"https:\/\/www.caririemacao.com\/1\/wp-json\/wp\/v2\/types\/post"}],"author":[{"embeddable":true,"href":"https:\/\/www.caririemacao.com\/1\/wp-json\/wp\/v2\/users\/1"}],"replies":[{"embeddable":true,"href":"https:\/\/www.caririemacao.com\/1\/wp-json\/wp\/v2\/comments?post=74820"}],"version-history":[{"count":1,"href":"https:\/\/www.caririemacao.com\/1\/wp-json\/wp\/v2\/posts\/74820\/revisions"}],"predecessor-version":[{"id":74822,"href":"https:\/\/www.caririemacao.com\/1\/wp-json\/wp\/v2\/posts\/74820\/revisions\/74822"}],"wp:featuredmedia":[{"embeddable":true,"href":"https:\/\/www.caririemacao.com\/1\/wp-json\/wp\/v2\/media\/74821"}],"wp:attachment":[{"href":"https:\/\/www.caririemacao.com\/1\/wp-json\/wp\/v2\/media?parent=74820"}],"wp:term":[{"taxonomy":"category","embeddable":true,"href":"https:\/\/www.caririemacao.com\/1\/wp-json\/wp\/v2\/categories?post=74820"},{"taxonomy":"post_tag","embeddable":true,"href":"https:\/\/www.caririemacao.com\/1\/wp-json\/wp\/v2\/tags?post=74820"}],"curies":[{"name":"wp","href":"https:\/\/api.w.org\/{rel}","templated":true}]}}