{"id":74826,"date":"2018-11-30T00:33:27","date_gmt":"2018-11-30T03:33:27","guid":{"rendered":"http:\/\/www.caririemacao.com\/1\/?p=74826"},"modified":"2018-11-30T00:43:41","modified_gmt":"2018-11-30T03:43:41","slug":"caraubas-realizam-campanha-de-prevencao-contra-o-cancer-de-prostata","status":"publish","type":"post","link":"https:\/\/www.caririemacao.com\/1\/2018\/11\/30\/caraubas-realizam-campanha-de-prevencao-contra-o-cancer-de-prostata\/","title":{"rendered":"Cara\u00fabas realizam campanha de preven\u00e7\u00e3o contra o c\u00e2ncer de pr\u00f3stata"},"content":{"rendered":"<p>A Prefeitura Municipal de Cara\u00fabas, atrav\u00e9s da Secretaria da Sa\u00fade, realizou na tarde desta \u00faltima quarta-feira (28) uma a\u00e7\u00e3o de preven\u00e7\u00e3o contra o c\u00e2ncer de pr\u00f3stata.<\/p>\n<p>O evento alusivo ao Novembro Azul teve todo apoio da equipe de sa\u00fade da ESF I \u2013 Unidade B\u00e1sica Severino Virg\u00edlio.<\/p>\n<p><img fetchpriority=\"high\" decoding=\"async\" class=\"alignnone wp-image-74830 size-full\" src=\"http:\/\/www.caririemacao.com\/1\/wp-content\/uploads\/2018\/11\/IMG_0195-20181130.jpg\" alt=\"\" width=\"1600\" height=\"1067\" srcset=\"https:\/\/www.caririemacao.com\/1\/wp-content\/uploads\/2018\/11\/IMG_0195-20181130.jpg 1600w, https:\/\/www.caririemacao.com\/1\/wp-content\/uploads\/2018\/11\/IMG_0195-20181130-300x200.jpg 300w, https:\/\/www.caririemacao.com\/1\/wp-content\/uploads\/2018\/11\/IMG_0195-20181130-768x512.jpg 768w, https:\/\/www.caririemacao.com\/1\/wp-content\/uploads\/2018\/11\/IMG_0195-20181130-1024x683.jpg 1024w\" sizes=\"(max-width: 1600px) 100vw, 1600px\" \/><\/p>\n<p>Os participantes ouviram orienta\u00e7\u00f5es m\u00e9dicas sobre preven\u00e7\u00e3o, tratamento e ainda participaram de sorteios de brindes e din\u00e2micas.<\/p>\n<p>O momento foi marcado por uma grande cavalgada que saiu da secretaria de agricultura e percorreu as principia ruas da cidade, alertando a popula\u00e7\u00e3o sobre os perigos do c\u00e2ncer de pr\u00f3stata e destacando a import\u00e2ncia de se cuidar e buscar ajuda.<\/p>\n<p><img decoding=\"async\" class=\"aligncenter wp-image-74831 size-full lazyload\" data-src=\"http:\/\/www.caririemacao.com\/1\/wp-content\/uploads\/2018\/11\/IMG_0252-20181130.jpg\" alt=\"\" width=\"1600\" height=\"1067\" data-srcset=\"https:\/\/www.caririemacao.com\/1\/wp-content\/uploads\/2018\/11\/IMG_0252-20181130.jpg 1600w, https:\/\/www.caririemacao.com\/1\/wp-content\/uploads\/2018\/11\/IMG_0252-20181130-300x200.jpg 300w, https:\/\/www.caririemacao.com\/1\/wp-content\/uploads\/2018\/11\/IMG_0252-20181130-768x512.jpg 768w, https:\/\/www.caririemacao.com\/1\/wp-content\/uploads\/2018\/11\/IMG_0252-20181130-1024x683.jpg 1024w\" data-sizes=\"(max-width: 1600px) 100vw, 1600px\" src=\"data:image\/svg+xml;base64,PHN2ZyB3aWR0aD0iMSIgaGVpZ2h0PSIxIiB4bWxucz0iaHR0cDovL3d3dy53My5vcmcvMjAwMC9zdmciPjwvc3ZnPg==\" style=\"--smush-placeholder-width: 1600px; --smush-placeholder-aspect-ratio: 1600\/1067;\" \/><\/p>\n<p>Dezenas de cavalheiros estiveram participando do evento junto com os secret\u00e1rios de governo Rony Feitosa, Flavinha Quirino, Silvinho Fernandes, e o prefeito Silvano Dudu, al\u00e9m dos vereadores Neide, Tom\u00e1s, Nero e Teinha.<\/p>\n<h2 style=\"text-align: center;\"><a href=\"https:\/\/www.facebook.com\/pg\/CaririEmAcao\/photos\/?tab=album&amp;album_id=1418185558317463\"><strong>Veja Fotos_\u00a0Novembro Azul-\u00a0<\/strong>Cara\u00fabas<\/a><\/h2>\n<p><div class=\"ose- ose-uid-024a0794a923c33eef5c80d807cf77f9 ose-embedpress-responsive\" style=\"width:600px; height:550px; max-height:550px; max-width:100%; display:inline-block;\" data-embed-type=\"Facebook\"><iframe allowFullScreen=\"true\" class=\"embera-facebook-iframe-67d5d lazyload\" data-src=\"https:\/\/www.facebook.com\/plugins\/post.php?href=https%3A%2F%2Fwww.facebook.com%2Fmedia%2Fset%2F%3Fset%3Da.1418185558317463%26%23038%3Btype%3D1%26%23038%3Bl%3Da4e3df8b79&width=600&height=550&show_text=true\" width=\"600\" height=\"550\" style=\"border:none;overflow:hidden\" scrolling=\"no\" frameborder=\"0\" allowTransparency=\"true\" src=\"data:image\/svg+xml;base64,PHN2ZyB3aWR0aD0iMSIgaGVpZ2h0PSIxIiB4bWxucz0iaHR0cDovL3d3dy53My5vcmcvMjAwMC9zdmciPjwvc3ZnPg==\" data-load-mode=\"1\"><\/iframe><\/div><\/p>\n<p style=\"text-align: right;\"><em><strong>Reda\u00e7\u00e3o Cariri em A\u00e7\u00e3o\u00a0<\/strong><\/em><\/p>\n","protected":false},"excerpt":{"rendered":"<p>A Prefeitura Municipal de Cara\u00fabas, atrav\u00e9s da Secretaria da Sa\u00fade, realizou na tarde desta \u00faltima quarta-feira (28) uma a\u00e7\u00e3o de preven\u00e7\u00e3o contra o c\u00e2ncer de&hellip; <\/p>\n","protected":false},"author":1,"featured_media":74828,"comment_status":"closed","ping_status":"closed","sticky":false,"template":"","format":"standard","meta":{"sfsi_plus_gutenberg_text_before_share":"","sfsi_plus_gutenberg_show_text_before_share":"","sfsi_plus_gutenberg_icon_type":"","sfsi_plus_gutenberg_icon_alignemt":"","sfsi_plus_gutenburg_max_per_row":"","footnotes":""},"categories":[6],"tags":[],"class_list":["post-74826","post","type-post","status-publish","format-standard","has-post-thumbnail","hentry","category-cidades"],"_links":{"self":[{"href":"https:\/\/www.caririemacao.com\/1\/wp-json\/wp\/v2\/posts\/74826","targetHints":{"allow":["GET"]}}],"collection":[{"href":"https:\/\/www.caririemacao.com\/1\/wp-json\/wp\/v2\/posts"}],"about":[{"href":"https:\/\/www.caririemacao.com\/1\/wp-json\/wp\/v2\/types\/post"}],"author":[{"embeddable":true,"href":"https:\/\/www.caririemacao.com\/1\/wp-json\/wp\/v2\/users\/1"}],"replies":[{"embeddable":true,"href":"https:\/\/www.caririemacao.com\/1\/wp-json\/wp\/v2\/comments?post=74826"}],"version-history":[{"count":1,"href":"https:\/\/www.caririemacao.com\/1\/wp-json\/wp\/v2\/posts\/74826\/revisions"}],"predecessor-version":[{"id":74832,"href":"https:\/\/www.caririemacao.com\/1\/wp-json\/wp\/v2\/posts\/74826\/revisions\/74832"}],"wp:featuredmedia":[{"embeddable":true,"href":"https:\/\/www.caririemacao.com\/1\/wp-json\/wp\/v2\/media\/74828"}],"wp:attachment":[{"href":"https:\/\/www.caririemacao.com\/1\/wp-json\/wp\/v2\/media?parent=74826"}],"wp:term":[{"taxonomy":"category","embeddable":true,"href":"https:\/\/www.caririemacao.com\/1\/wp-json\/wp\/v2\/categories?post=74826"},{"taxonomy":"post_tag","embeddable":true,"href":"https:\/\/www.caririemacao.com\/1\/wp-json\/wp\/v2\/tags?post=74826"}],"curies":[{"name":"wp","href":"https:\/\/api.w.org\/{rel}","templated":true}]}}