{"id":74850,"date":"2018-11-30T13:16:37","date_gmt":"2018-11-30T16:16:37","guid":{"rendered":"http:\/\/www.caririemacao.com\/1\/?p=74850"},"modified":"2018-11-30T13:16:37","modified_gmt":"2018-11-30T16:16:37","slug":"crcpb-realizara-a-i-caravana-do-saber-neste-sabado-em-sume","status":"publish","type":"post","link":"https:\/\/www.caririemacao.com\/1\/2018\/11\/30\/crcpb-realizara-a-i-caravana-do-saber-neste-sabado-em-sume\/","title":{"rendered":"CRCPB realizar\u00e1 a \u2018I Caravana do Saber\u2019 neste s\u00e1bado, em Sum\u00e9"},"content":{"rendered":"<p>O Conselho Regional de Contabilidade da Para\u00edba, atrav\u00e9s de sua presidente Vilma Pereira, e demais conselheiros e conselheiras, realizar\u00e1 neste s\u00e1bado (01), na cidade de Sum\u00e9, a I Caravana do Saber. Na oportunidade acontecer\u00e1 um ciclo de palestras direcional aos profissionais do setor cont\u00e1bil.O Contabilista, consultor e empres\u00e1rio, Felizardo Neto, ministrar\u00e1 a palestra E-Social, Sa\u00fade e Seguran\u00e7a no Trabalho.<\/p>\n<p>A diretora do conselho fiscal do SESCON\/PB, Terezinha Carvalho, abordar\u00e1 o tema \u2018Simples Nacional \u2013 Principais D\u00favidas\u2019.<\/p>\n<p>A contadora do conselho regional de biblioteconomia e palestrante, Keila Regia, falar\u00e1 sobre E-Social.<\/p>\n<p>O evento acontecer\u00e1 na C\u00e2mara de Vereadores das 8hs as 12hs, e contar\u00e1 tamb\u00e9m com sorteios de brindes.<\/p>\n<p>Fa\u00e7a a sua inscri\u00e7\u00e3o no site do conselho regional de Contabilidade da Para\u00edba http:\/\/crcpb.org.br\/<\/p>\n","protected":false},"excerpt":{"rendered":"<p>O Conselho Regional de Contabilidade da Para\u00edba, atrav\u00e9s de sua presidente Vilma Pereira, e demais conselheiros e conselheiras, realizar\u00e1 neste s\u00e1bado (01), na cidade de&hellip; <\/p>\n","protected":false},"author":1,"featured_media":47456,"comment_status":"closed","ping_status":"closed","sticky":false,"template":"","format":"standard","meta":{"sfsi_plus_gutenberg_text_before_share":"","sfsi_plus_gutenberg_show_text_before_share":"","sfsi_plus_gutenberg_icon_type":"","sfsi_plus_gutenberg_icon_alignemt":"","sfsi_plus_gutenburg_max_per_row":"","footnotes":""},"categories":[6],"tags":[],"class_list":["post-74850","post","type-post","status-publish","format-standard","has-post-thumbnail","hentry","category-cidades"],"_links":{"self":[{"href":"https:\/\/www.caririemacao.com\/1\/wp-json\/wp\/v2\/posts\/74850","targetHints":{"allow":["GET"]}}],"collection":[{"href":"https:\/\/www.caririemacao.com\/1\/wp-json\/wp\/v2\/posts"}],"about":[{"href":"https:\/\/www.caririemacao.com\/1\/wp-json\/wp\/v2\/types\/post"}],"author":[{"embeddable":true,"href":"https:\/\/www.caririemacao.com\/1\/wp-json\/wp\/v2\/users\/1"}],"replies":[{"embeddable":true,"href":"https:\/\/www.caririemacao.com\/1\/wp-json\/wp\/v2\/comments?post=74850"}],"version-history":[{"count":1,"href":"https:\/\/www.caririemacao.com\/1\/wp-json\/wp\/v2\/posts\/74850\/revisions"}],"predecessor-version":[{"id":74851,"href":"https:\/\/www.caririemacao.com\/1\/wp-json\/wp\/v2\/posts\/74850\/revisions\/74851"}],"wp:featuredmedia":[{"embeddable":true,"href":"https:\/\/www.caririemacao.com\/1\/wp-json\/wp\/v2\/media\/47456"}],"wp:attachment":[{"href":"https:\/\/www.caririemacao.com\/1\/wp-json\/wp\/v2\/media?parent=74850"}],"wp:term":[{"taxonomy":"category","embeddable":true,"href":"https:\/\/www.caririemacao.com\/1\/wp-json\/wp\/v2\/categories?post=74850"},{"taxonomy":"post_tag","embeddable":true,"href":"https:\/\/www.caririemacao.com\/1\/wp-json\/wp\/v2\/tags?post=74850"}],"curies":[{"name":"wp","href":"https:\/\/api.w.org\/{rel}","templated":true}]}}