{"id":74854,"date":"2018-11-30T13:24:30","date_gmt":"2018-11-30T16:24:30","guid":{"rendered":"http:\/\/www.caririemacao.com\/1\/?p=74854"},"modified":"2018-11-30T13:24:30","modified_gmt":"2018-11-30T16:24:30","slug":"pt-se-divide-quanto-a-rumos-do-partido-apos-derrota-de-haddad","status":"publish","type":"post","link":"https:\/\/www.caririemacao.com\/1\/2018\/11\/30\/pt-se-divide-quanto-a-rumos-do-partido-apos-derrota-de-haddad\/","title":{"rendered":"PT se divide quanto a rumos do partido ap\u00f3s derrota de Haddad"},"content":{"rendered":"<p>Em reuni\u00e3o esvaziada nesta sexta-feira (30) em Bras\u00edlia, a c\u00fapula do PT entra em debate dividida quanto aos rumos do partido e a extens\u00e3o da autocr\u00edtica que deve ser feita ap\u00f3s a derrota na elei\u00e7\u00e3o presidencial.<\/p>\n<p>Com diverg\u00eancias que v\u00e3o desde a data do encontro do Diret\u00f3rio Nacional -considerada prematura, somente um m\u00eas ap\u00f3s o segundo turno- at\u00e9 o progn\u00f3stico que deve ser adotado pela sigla frente ao governo Jair Bolsonaro (PSL), dirigentes ouvidos pela\u00a0reportagem avaliam que a resolu\u00e7\u00e3o desta semana deve ser incipiente e bastante t\u00edmida.<\/p>\n<p>Na opini\u00e3o desses petistas, era preciso mais tempo para decantar resultados e fazer um diagn\u00f3stico mais claro do novo cen\u00e1rio pol\u00edtico e, principalmente, sobre o papel que o PT vai ter na oposi\u00e7\u00e3o daqui para frente.<\/p>\n<p>O comando da legenda tem sido cobrado por correntes mais \u00e0 esquerda e tamb\u00e9m por aliados a fazer uma autocr\u00edtica alentada sobre os erros dos \u00faltimos anos, mas resiste em execut\u00e1-la de forma p\u00fablica.<\/p>\n<p>Sem a presen\u00e7a de Fernando Haddad (PT), que est\u00e1 nos Estados Unidos para debater o cen\u00e1rio pol\u00edtico do Brasil, o PT deve divulgar um texto final neste s\u00e1bado (1\u00ba) com avalia\u00e7\u00e3o do resultado eleitoral e as novas estrat\u00e9gias do partido.<\/p>\n<p>No encontro participam a presidente da sigla, Gleisi Hoffmann, o senador eleito pela Bahia, Jaques Wagner, a ex-presidente Dilma Rousseff, entre outros. O governador do Piau\u00ed, Wellington Dias, chegou ao local por volta das 9h30 desta sexta, mas saiu antes do in\u00edcio da reuni\u00e3o -que atrasou quase uma hora e meia. As bancadas do PT na C\u00e2mara e no Senado tamb\u00e9m n\u00e3o tinham todos os seus integrantes presentes.<\/p>\n<p>Vers\u00e3o preliminar do documento obtida pela\u00a0reportagem tem 74 itens e cita a pol\u00edtica econ\u00f4mica liberal do governo Dilma a partir de 2015 e a perda de espa\u00e7o para o que chamam de\u00a0extrema direita como causas da derrota de outubro.<\/p>\n<p>Segundo o texto, que ainda deve sofrer altera\u00e7\u00f5es, o partido n\u00e3o soube combater a pecha de \u201ccorrupto\u201d e frear a onda conservadora que conquistou \u201ccora\u00e7\u00f5es e mentes\u201d nos \u00faltimos anos.<\/p>\n<p>Petistas de diversas tend\u00eancias formaram uma comiss\u00e3o para a elabora\u00e7\u00e3o da carta e, portanto, ela \u00e9 considerada aglutinativa, e n\u00e3o final.\u00a0Setores mais \u00e0 esquerda do partido j\u00e1 apresentaram novos textos e emendas para serem costurados ao documento final, mas temem que ele fique gen\u00e9rico e pouco contundente.<\/p>\n<p>Acreditam, por exemplo,\u00a0que n\u00e3o \u00e9 suficiente se ater ao segundo mandato de Dilma -que culminou no impeachment- como a causa de todos os problemas do PT e que \u00e9 preciso listar tamb\u00e9m erros da campanha de Haddad.<\/p>\n<p>Entre o primeiro e o segundo turno, petistas admitiram que foi um equ\u00edvoco menosprezar Bolsonaro de in\u00edcio e reclamaram dos chamados acenos ao centro que Haddad fez ao mercado e aos pol\u00edticos.<\/p>\n<p>No documento, s\u00e3o lembrados a redu\u00e7\u00e3o da presen\u00e7a do ex-presidente Lula na campanha e elimina\u00e7\u00e3o do programa de governo de bandeiras como o duplo mandato do Banco Central -ao qual Haddad sempre foi contr\u00e1rio-, al\u00e9m dos elogios \u00e0 Lava Jato feitos pelo ex-prefeito de S\u00e3o Paulo \u00e0s v\u00e9speras do segundo turno. Os pontos, por\u00e9m, ainda n\u00e3o s\u00e3o consensuais, e podem ficar de fora da carta final.<\/p>\n<p>De acordo com aliados, Gleisi \u00e9 uma das que querem pressa nos progn\u00f3sticos e avalia\u00e7\u00f5es. Ela j\u00e1 havia convocado uma reuni\u00e3o da Executiva Nacional do PT um dia ap\u00f3s o segundo turno, o que irritou dirigentes.<\/p>\n<p>Publicamente, Gleisi tem defendido Haddad como uma lideran\u00e7a do partido, mas em reuni\u00f5es internas faz cr\u00edticas \u00e0 condu\u00e7\u00e3o de sua campanha -da qual ela participou pouco- e ao afastamento da legenda das bases.<\/p>\n<p>&nbsp;<\/p>\n<p>FOLHAPRESS<\/p>\n","protected":false},"excerpt":{"rendered":"<p>Em reuni\u00e3o esvaziada nesta sexta-feira (30) em Bras\u00edlia, a c\u00fapula do PT entra em debate dividida quanto aos rumos do partido e a extens\u00e3o da&hellip; <\/p>\n","protected":false},"author":1,"featured_media":38240,"comment_status":"closed","ping_status":"closed","sticky":false,"template":"","format":"standard","meta":{"sfsi_plus_gutenberg_text_before_share":"","sfsi_plus_gutenberg_show_text_before_share":"","sfsi_plus_gutenberg_icon_type":"","sfsi_plus_gutenberg_icon_alignemt":"","sfsi_plus_gutenburg_max_per_row":"","footnotes":""},"categories":[11],"tags":[],"class_list":["post-74854","post","type-post","status-publish","format-standard","has-post-thumbnail","hentry","category-politica"],"_links":{"self":[{"href":"https:\/\/www.caririemacao.com\/1\/wp-json\/wp\/v2\/posts\/74854","targetHints":{"allow":["GET"]}}],"collection":[{"href":"https:\/\/www.caririemacao.com\/1\/wp-json\/wp\/v2\/posts"}],"about":[{"href":"https:\/\/www.caririemacao.com\/1\/wp-json\/wp\/v2\/types\/post"}],"author":[{"embeddable":true,"href":"https:\/\/www.caririemacao.com\/1\/wp-json\/wp\/v2\/users\/1"}],"replies":[{"embeddable":true,"href":"https:\/\/www.caririemacao.com\/1\/wp-json\/wp\/v2\/comments?post=74854"}],"version-history":[{"count":1,"href":"https:\/\/www.caririemacao.com\/1\/wp-json\/wp\/v2\/posts\/74854\/revisions"}],"predecessor-version":[{"id":74855,"href":"https:\/\/www.caririemacao.com\/1\/wp-json\/wp\/v2\/posts\/74854\/revisions\/74855"}],"wp:featuredmedia":[{"embeddable":true,"href":"https:\/\/www.caririemacao.com\/1\/wp-json\/wp\/v2\/media\/38240"}],"wp:attachment":[{"href":"https:\/\/www.caririemacao.com\/1\/wp-json\/wp\/v2\/media?parent=74854"}],"wp:term":[{"taxonomy":"category","embeddable":true,"href":"https:\/\/www.caririemacao.com\/1\/wp-json\/wp\/v2\/categories?post=74854"},{"taxonomy":"post_tag","embeddable":true,"href":"https:\/\/www.caririemacao.com\/1\/wp-json\/wp\/v2\/tags?post=74854"}],"curies":[{"name":"wp","href":"https:\/\/api.w.org\/{rel}","templated":true}]}}