{"id":74856,"date":"2018-11-30T13:26:55","date_gmt":"2018-11-30T16:26:55","guid":{"rendered":"http:\/\/www.caririemacao.com\/1\/?p=74856"},"modified":"2018-11-30T13:26:55","modified_gmt":"2018-11-30T16:26:55","slug":"perilima-anuncia-idolo-do-campinense-como-mais-uma-contratacao-para-2019","status":"publish","type":"post","link":"https:\/\/www.caririemacao.com\/1\/2018\/11\/30\/perilima-anuncia-idolo-do-campinense-como-mais-uma-contratacao-para-2019\/","title":{"rendered":"Perilima anuncia \u00eddolo do Campinense como mais uma contrata\u00e7\u00e3o para 2019"},"content":{"rendered":"<p><!------------------->\u00a0\u00a0\u00a0\u00a0\u00a0\u00a0\u00a0<!--banner-editoria-->\u00a0\u00a0\u00a0\u00a0\u00a0\u00a0\u00a0<!------------------->\u00a0\u00a0\u00a0\u00a0\u00a0\u00a0\u00a0\u00a0\u00a0\u00a0\u00a0\u00a0\u00a0<!------------------->\u00a0\u00a0\u00a0\u00a0\u00a0\u00a0\u00a0<!-------fim--------->\u00a0\u00a0\u00a0\u00a0\u00a0\u00a0\u00a0<!------------------->\u00a0\u00a0\u00a0\u00a0\u00a0\u00a0\u00a0\u00a0\u00a0\u00a0\u00a0\u00a0<!--conte\u00fado--><\/p>\n<div class=\"content\">\n<p>Depois de acertar com Marcelinho Para\u00edba e garantir o camisa 10 para o Campeonato Paraibano de 2019, a Perilima, que conquistou o acesso para a elite estadual com o vice-campeonato da Segundinha de 2018, contratou mais um nome conhecido para o seu elenco.<\/p>\n<p>Campe\u00e3o do Nordeste em 2013 vestindo a camisa do Campinense, o goleiro Pantera, de 35 anos, vai defender a meta da \u00c1guia de Campina no ano que vem, depois de uma boa passagem pelo Nacional de Patos no estadual desta temporada.<\/p>\n<p>Pelo Rubro-Negro, o atleta tamb\u00e9m conquistou as edi\u00e7\u00f5es de 2008 e 2012 do Paraibano, al\u00e9m do acesso \u00e0 S\u00e9rie B, o que o fez \u00eddolo da torcida raposeira.<\/p>\n<div id=\"attachment_532316\" class=\"wp-caption alignnone\"><img decoding=\"async\" class=\"wp-image-532316 size-medium lazyload\" data-src=\"https:\/\/paraibaonline.com.br\/wp-content\/uploads\/2018\/11\/Pantera_Perilima-567x306.jpg\" data-srcset=\"https:\/\/paraibaonline.com.br\/wp-content\/uploads\/2018\/11\/Pantera_Perilima-567x306.jpg 567w, https:\/\/paraibaonline.com.br\/wp-content\/uploads\/2018\/11\/Pantera_Perilima.jpg 568w\" alt=\"\" src=\"data:image\/svg+xml;base64,PHN2ZyB3aWR0aD0iMSIgaGVpZ2h0PSIxIiB4bWxucz0iaHR0cDovL3d3dy53My5vcmcvMjAwMC9zdmciPjwvc3ZnPg==\" style=\"--smush-placeholder-width: 567px; --smush-placeholder-aspect-ratio: 567\/306;\" \/><\/p>\n<p class=\"wp-caption-text\">Foto: Ascom \/ Perilima<\/p>\n<\/div>\n<p>O veterano arqueiro ainda passou por Sousa e Botafogo-PB na Para\u00edba. Fora do estado, tamb\u00e9m atuou por CSA-AL, CRB-AL, ASA-AL, Confian\u00e7a-SE e Am\u00e9rica-RN. Pantera \u00e9 a segunda contrata\u00e7\u00e3o do antigo time de seu Pedro das Sordas para o estadual do ano que vem.<\/p>\n<p>Por\u00e9m, o clube ainda ter\u00e1 supostas irregularidades na disputa da segunda divis\u00e3o analisadas pelo TJDF-PB, j\u00e1 que teria utilizado jogador com inscri\u00e7\u00e3o irregular durante a competi\u00e7\u00e3o.<\/p>\n<p>O Sport-PB, que foi eliminado nas semifinais pela Perilima, ainda est\u00e1 com esperan\u00e7a de conseguir tomar a vaga na elite com a decis\u00e3o do \u201ctapet\u00e3o\u201d.<\/p>\n<\/div>\n<p>Para\u00edba Online<\/p>\n","protected":false},"excerpt":{"rendered":"<p>\u00a0\u00a0\u00a0\u00a0\u00a0\u00a0\u00a0\u00a0\u00a0\u00a0\u00a0\u00a0\u00a0\u00a0\u00a0\u00a0\u00a0\u00a0\u00a0\u00a0\u00a0\u00a0\u00a0\u00a0\u00a0\u00a0\u00a0\u00a0\u00a0\u00a0\u00a0\u00a0\u00a0\u00a0\u00a0\u00a0\u00a0\u00a0\u00a0\u00a0\u00a0\u00a0\u00a0\u00a0\u00a0\u00a0\u00a0\u00a0\u00a0\u00a0\u00a0\u00a0\u00a0 Depois de acertar com Marcelinho Para\u00edba e garantir o camisa 10 para o Campeonato Paraibano de 2019, a Perilima, que conquistou o acesso para&hellip; <\/p>\n","protected":false},"author":1,"featured_media":74857,"comment_status":"closed","ping_status":"closed","sticky":false,"template":"","format":"standard","meta":{"sfsi_plus_gutenberg_text_before_share":"","sfsi_plus_gutenberg_show_text_before_share":"","sfsi_plus_gutenberg_icon_type":"","sfsi_plus_gutenberg_icon_alignemt":"","sfsi_plus_gutenburg_max_per_row":"","footnotes":""},"categories":[13],"tags":[],"class_list":["post-74856","post","type-post","status-publish","format-standard","has-post-thumbnail","hentry","category-esportes"],"_links":{"self":[{"href":"https:\/\/www.caririemacao.com\/1\/wp-json\/wp\/v2\/posts\/74856","targetHints":{"allow":["GET"]}}],"collection":[{"href":"https:\/\/www.caririemacao.com\/1\/wp-json\/wp\/v2\/posts"}],"about":[{"href":"https:\/\/www.caririemacao.com\/1\/wp-json\/wp\/v2\/types\/post"}],"author":[{"embeddable":true,"href":"https:\/\/www.caririemacao.com\/1\/wp-json\/wp\/v2\/users\/1"}],"replies":[{"embeddable":true,"href":"https:\/\/www.caririemacao.com\/1\/wp-json\/wp\/v2\/comments?post=74856"}],"version-history":[{"count":1,"href":"https:\/\/www.caririemacao.com\/1\/wp-json\/wp\/v2\/posts\/74856\/revisions"}],"predecessor-version":[{"id":74858,"href":"https:\/\/www.caririemacao.com\/1\/wp-json\/wp\/v2\/posts\/74856\/revisions\/74858"}],"wp:featuredmedia":[{"embeddable":true,"href":"https:\/\/www.caririemacao.com\/1\/wp-json\/wp\/v2\/media\/74857"}],"wp:attachment":[{"href":"https:\/\/www.caririemacao.com\/1\/wp-json\/wp\/v2\/media?parent=74856"}],"wp:term":[{"taxonomy":"category","embeddable":true,"href":"https:\/\/www.caririemacao.com\/1\/wp-json\/wp\/v2\/categories?post=74856"},{"taxonomy":"post_tag","embeddable":true,"href":"https:\/\/www.caririemacao.com\/1\/wp-json\/wp\/v2\/tags?post=74856"}],"curies":[{"name":"wp","href":"https:\/\/api.w.org\/{rel}","templated":true}]}}