{"id":74859,"date":"2018-11-30T13:29:04","date_gmt":"2018-11-30T16:29:04","guid":{"rendered":"http:\/\/www.caririemacao.com\/1\/?p=74859"},"modified":"2018-11-30T13:29:04","modified_gmt":"2018-11-30T16:29:04","slug":"policia-apreende-cocaina-procedente-do-ceara-durante-operacao-no-sertao-paraibano","status":"publish","type":"post","link":"https:\/\/www.caririemacao.com\/1\/2018\/11\/30\/policia-apreende-cocaina-procedente-do-ceara-durante-operacao-no-sertao-paraibano\/","title":{"rendered":"Pol\u00edcia apreende coca\u00edna procedente do Cear\u00e1 durante opera\u00e7\u00e3o no Sert\u00e3o paraibano"},"content":{"rendered":"<p><!------------------->\u00a0\u00a0\u00a0\u00a0\u00a0\u00a0\u00a0<!--banner-editoria-->\u00a0\u00a0\u00a0\u00a0\u00a0\u00a0\u00a0<!------------------->\u00a0\u00a0\u00a0\u00a0\u00a0\u00a0\u00a0\u00a0\u00a0\u00a0\u00a0\u00a0\u00a0<!------------------->\u00a0\u00a0\u00a0\u00a0\u00a0\u00a0\u00a0<!-------fim--------->\u00a0\u00a0\u00a0\u00a0\u00a0\u00a0\u00a0<!------------------->\u00a0\u00a0\u00a0\u00a0\u00a0\u00a0\u00a0<!--conte\u00fado--><\/p>\n<div class=\"content\">\n<p>A Pol\u00edcia Militar apreendeu mais de um quilo de subst\u00e2ncia semelhante a coca\u00edna, que estava com um suspeito vindo do estado do Cear\u00e1, na tarde dessa quinta-feira (29). A apreens\u00e3o aconteceu no munic\u00edpio de S\u00e3o Bento, no Sert\u00e3o do paraibano.<\/p>\n<div id=\"attachment_532283\" class=\"wp-caption aligncenter\"><img decoding=\"async\" class=\"wp-image-532283 size-full lazyload\" data-src=\"https:\/\/paraibaonline.com.br\/wp-content\/uploads\/2018\/11\/cocaina3011.jpg\" data-srcset=\"https:\/\/paraibaonline.com.br\/wp-content\/uploads\/2018\/11\/cocaina3011.jpg 1024w, https:\/\/paraibaonline.com.br\/wp-content\/uploads\/2018\/11\/cocaina3011-556x417.jpg 556w, https:\/\/paraibaonline.com.br\/wp-content\/uploads\/2018\/11\/cocaina3011-883x662.jpg 883w, https:\/\/paraibaonline.com.br\/wp-content\/uploads\/2018\/11\/cocaina3011-800x600.jpg 800w\" alt=\"\" src=\"data:image\/svg+xml;base64,PHN2ZyB3aWR0aD0iMSIgaGVpZ2h0PSIxIiB4bWxucz0iaHR0cDovL3d3dy53My5vcmcvMjAwMC9zdmciPjwvc3ZnPg==\" \/><\/p>\n<p class=\"wp-caption-text\">Foto: Secom\/PB<\/p>\n<\/div>\n<p>O suspeito, de 48 anos de idade, foi abordado pelos policiais da 3\u00aa Companhia do 12\u00ba Batalh\u00e3o, e 1,1 quilo de coca\u00edna foi encontrado na mochila dele. Ele veio da cidade de Aracati, no Cear\u00e1, local de origem da droga.<\/p>\n<p>O homem e o material il\u00edcito apreendido foram conduzidos para a Delegacia da Pol\u00edcia Civil de S\u00e3o Bento.<\/p>\n<\/div>\n<p>&nbsp;<\/p>\n<p>SECOM\/PB<\/p>\n","protected":false},"excerpt":{"rendered":"<p>\u00a0\u00a0\u00a0\u00a0\u00a0\u00a0\u00a0\u00a0\u00a0\u00a0\u00a0\u00a0\u00a0\u00a0\u00a0\u00a0\u00a0\u00a0\u00a0\u00a0\u00a0\u00a0\u00a0\u00a0\u00a0\u00a0\u00a0\u00a0\u00a0\u00a0\u00a0\u00a0\u00a0\u00a0\u00a0\u00a0\u00a0\u00a0\u00a0\u00a0\u00a0\u00a0\u00a0\u00a0\u00a0\u00a0\u00a0\u00a0 A Pol\u00edcia Militar apreendeu mais de um quilo de subst\u00e2ncia semelhante a coca\u00edna, que estava com um suspeito vindo do estado do Cear\u00e1, na&hellip; <\/p>\n","protected":false},"author":1,"featured_media":74860,"comment_status":"closed","ping_status":"closed","sticky":false,"template":"","format":"standard","meta":{"sfsi_plus_gutenberg_text_before_share":"","sfsi_plus_gutenberg_show_text_before_share":"","sfsi_plus_gutenberg_icon_type":"","sfsi_plus_gutenberg_icon_alignemt":"","sfsi_plus_gutenburg_max_per_row":"","footnotes":""},"categories":[12],"tags":[],"class_list":["post-74859","post","type-post","status-publish","format-standard","has-post-thumbnail","hentry","category-policia"],"_links":{"self":[{"href":"https:\/\/www.caririemacao.com\/1\/wp-json\/wp\/v2\/posts\/74859","targetHints":{"allow":["GET"]}}],"collection":[{"href":"https:\/\/www.caririemacao.com\/1\/wp-json\/wp\/v2\/posts"}],"about":[{"href":"https:\/\/www.caririemacao.com\/1\/wp-json\/wp\/v2\/types\/post"}],"author":[{"embeddable":true,"href":"https:\/\/www.caririemacao.com\/1\/wp-json\/wp\/v2\/users\/1"}],"replies":[{"embeddable":true,"href":"https:\/\/www.caririemacao.com\/1\/wp-json\/wp\/v2\/comments?post=74859"}],"version-history":[{"count":1,"href":"https:\/\/www.caririemacao.com\/1\/wp-json\/wp\/v2\/posts\/74859\/revisions"}],"predecessor-version":[{"id":74861,"href":"https:\/\/www.caririemacao.com\/1\/wp-json\/wp\/v2\/posts\/74859\/revisions\/74861"}],"wp:featuredmedia":[{"embeddable":true,"href":"https:\/\/www.caririemacao.com\/1\/wp-json\/wp\/v2\/media\/74860"}],"wp:attachment":[{"href":"https:\/\/www.caririemacao.com\/1\/wp-json\/wp\/v2\/media?parent=74859"}],"wp:term":[{"taxonomy":"category","embeddable":true,"href":"https:\/\/www.caririemacao.com\/1\/wp-json\/wp\/v2\/categories?post=74859"},{"taxonomy":"post_tag","embeddable":true,"href":"https:\/\/www.caririemacao.com\/1\/wp-json\/wp\/v2\/tags?post=74859"}],"curies":[{"name":"wp","href":"https:\/\/api.w.org\/{rel}","templated":true}]}}