{"id":74867,"date":"2018-11-30T13:40:20","date_gmt":"2018-11-30T16:40:20","guid":{"rendered":"http:\/\/www.caririemacao.com\/1\/?p=74867"},"modified":"2018-11-30T13:40:20","modified_gmt":"2018-11-30T16:40:20","slug":"secretaria-de-saude-leva-atendimento-para-os-servidores-da-secretaria-de-obras","status":"publish","type":"post","link":"https:\/\/www.caririemacao.com\/1\/2018\/11\/30\/secretaria-de-saude-leva-atendimento-para-os-servidores-da-secretaria-de-obras\/","title":{"rendered":"Secretaria de Sa\u00fade leva atendimento para os servidores da Secretaria de Obras"},"content":{"rendered":"<p>A Secretaria de Sa\u00fade de Sum\u00e9 encerrou as atividades do Novembro Azul com uma s\u00e9rie de servi\u00e7os voltadas para os servidores da Secretaria de Obras e Servi\u00e7os Urbanos.<\/p>\n<p>Na quarta-feira (28), a Secretaria de Sa\u00fade levou at\u00e9 o local atendimento m\u00e9dico, odontol\u00f3gico e de enfermagem.<\/p>\n<p>Os profissionais que participaram do evento foram os da unidade de sa\u00fade do centro da cidade, o m\u00e9dico Ivanildo J\u00fanior, o dentista Wellinton Souto, a enfermeira Adriana, t\u00e9cnicos de enfermagem e agentes comunit\u00e1rios de sa\u00fade.<\/p>\n<p>&nbsp;<\/p>\n<div id=\"gallery-2\" class=\"gallery galleryid-6618 gallery-columns-5 gallery-size-thumbnail\">\n<dl class=\"gallery-item\">\n<dt class=\"gallery-icon landscape\"><a href=\"http:\/\/www.sume.pb.gov.br\/wp-content\/uploads\/2018\/11\/DSC_0055.jpg\" data-slb-active=\"1\" data-slb-asset=\"1430265250\" data-slb-internal=\"0\" data-slb-group=\"6618\"><img decoding=\"async\" class=\"attachment-thumbnail size-thumbnail lazyload\" data-src=\"http:\/\/www.sume.pb.gov.br\/wp-content\/uploads\/2018\/11\/DSC_0055-150x150.jpg\" data-sizes=\"(max-width: 150px) 100vw, 150px\" data-srcset=\"http:\/\/www.sume.pb.gov.br\/wp-content\/uploads\/2018\/11\/DSC_0055-150x150.jpg 150w, http:\/\/www.sume.pb.gov.br\/wp-content\/uploads\/2018\/11\/DSC_0055-75x75.jpg 75w\" alt=\"\" width=\"150\" height=\"150\" src=\"data:image\/svg+xml;base64,PHN2ZyB3aWR0aD0iMSIgaGVpZ2h0PSIxIiB4bWxucz0iaHR0cDovL3d3dy53My5vcmcvMjAwMC9zdmciPjwvc3ZnPg==\" style=\"--smush-placeholder-width: 150px; --smush-placeholder-aspect-ratio: 150\/150;\" \/><\/a><\/dt>\n<\/dl>\n<dl class=\"gallery-item\">\n<dt class=\"gallery-icon landscape\"><a href=\"http:\/\/www.sume.pb.gov.br\/wp-content\/uploads\/2018\/11\/DSC_0059.jpg\" data-slb-active=\"1\" data-slb-asset=\"1581277980\" data-slb-internal=\"0\" data-slb-group=\"6618\"><img decoding=\"async\" class=\"attachment-thumbnail size-thumbnail lazyload\" data-src=\"http:\/\/www.sume.pb.gov.br\/wp-content\/uploads\/2018\/11\/DSC_0059-150x150.jpg\" data-sizes=\"(max-width: 150px) 100vw, 150px\" data-srcset=\"http:\/\/www.sume.pb.gov.br\/wp-content\/uploads\/2018\/11\/DSC_0059-150x150.jpg 150w, http:\/\/www.sume.pb.gov.br\/wp-content\/uploads\/2018\/11\/DSC_0059-75x75.jpg 75w\" alt=\"\" width=\"150\" height=\"150\" src=\"data:image\/svg+xml;base64,PHN2ZyB3aWR0aD0iMSIgaGVpZ2h0PSIxIiB4bWxucz0iaHR0cDovL3d3dy53My5vcmcvMjAwMC9zdmciPjwvc3ZnPg==\" style=\"--smush-placeholder-width: 150px; --smush-placeholder-aspect-ratio: 150\/150;\" \/><\/a><\/dt>\n<\/dl>\n<dl class=\"gallery-item\">\n<dt class=\"gallery-icon landscape\"><a href=\"http:\/\/www.sume.pb.gov.br\/wp-content\/uploads\/2018\/11\/DSC_0068.jpg\" data-slb-active=\"1\" data-slb-asset=\"215268916\" data-slb-internal=\"0\" data-slb-group=\"6618\"><img decoding=\"async\" class=\"attachment-thumbnail size-thumbnail lazyload\" data-src=\"http:\/\/www.sume.pb.gov.br\/wp-content\/uploads\/2018\/11\/DSC_0068-150x150.jpg\" data-sizes=\"(max-width: 150px) 100vw, 150px\" data-srcset=\"http:\/\/www.sume.pb.gov.br\/wp-content\/uploads\/2018\/11\/DSC_0068-150x150.jpg 150w, http:\/\/www.sume.pb.gov.br\/wp-content\/uploads\/2018\/11\/DSC_0068-75x75.jpg 75w\" alt=\"\" width=\"150\" height=\"150\" src=\"data:image\/svg+xml;base64,PHN2ZyB3aWR0aD0iMSIgaGVpZ2h0PSIxIiB4bWxucz0iaHR0cDovL3d3dy53My5vcmcvMjAwMC9zdmciPjwvc3ZnPg==\" style=\"--smush-placeholder-width: 150px; --smush-placeholder-aspect-ratio: 150\/150;\" \/><\/a><\/dt>\n<\/dl>\n<dl class=\"gallery-item\">\n<dt class=\"gallery-icon landscape\"><a href=\"http:\/\/www.sume.pb.gov.br\/wp-content\/uploads\/2018\/11\/DSC_0075.jpg\" data-slb-active=\"1\" data-slb-asset=\"290547926\" data-slb-internal=\"0\" data-slb-group=\"6618\"><img decoding=\"async\" class=\"attachment-thumbnail size-thumbnail lazyload\" data-src=\"http:\/\/www.sume.pb.gov.br\/wp-content\/uploads\/2018\/11\/DSC_0075-150x150.jpg\" data-sizes=\"(max-width: 150px) 100vw, 150px\" data-srcset=\"http:\/\/www.sume.pb.gov.br\/wp-content\/uploads\/2018\/11\/DSC_0075-150x150.jpg 150w, http:\/\/www.sume.pb.gov.br\/wp-content\/uploads\/2018\/11\/DSC_0075-75x75.jpg 75w\" alt=\"\" width=\"150\" height=\"150\" src=\"data:image\/svg+xml;base64,PHN2ZyB3aWR0aD0iMSIgaGVpZ2h0PSIxIiB4bWxucz0iaHR0cDovL3d3dy53My5vcmcvMjAwMC9zdmciPjwvc3ZnPg==\" style=\"--smush-placeholder-width: 150px; --smush-placeholder-aspect-ratio: 150\/150;\" \/><\/a><\/dt>\n<\/dl>\n<dl class=\"gallery-item\">\n<dt class=\"gallery-icon landscape\"><a href=\"http:\/\/www.sume.pb.gov.br\/wp-content\/uploads\/2018\/11\/DSC_0076-1.jpg\" data-slb-active=\"1\" data-slb-asset=\"49378452\" data-slb-internal=\"0\" data-slb-group=\"6618\"><img decoding=\"async\" class=\"attachment-thumbnail size-thumbnail lazyload\" data-src=\"http:\/\/www.sume.pb.gov.br\/wp-content\/uploads\/2018\/11\/DSC_0076-1-150x150.jpg\" data-sizes=\"(max-width: 150px) 100vw, 150px\" data-srcset=\"http:\/\/www.sume.pb.gov.br\/wp-content\/uploads\/2018\/11\/DSC_0076-1-150x150.jpg 150w, http:\/\/www.sume.pb.gov.br\/wp-content\/uploads\/2018\/11\/DSC_0076-1-75x75.jpg 75w\" alt=\"\" width=\"150\" height=\"150\" src=\"data:image\/svg+xml;base64,PHN2ZyB3aWR0aD0iMSIgaGVpZ2h0PSIxIiB4bWxucz0iaHR0cDovL3d3dy53My5vcmcvMjAwMC9zdmciPjwvc3ZnPg==\" style=\"--smush-placeholder-width: 150px; --smush-placeholder-aspect-ratio: 150\/150;\" \/><\/a><\/dt>\n<\/dl>\n<\/div>\n<p>Al\u00e9m dos atendimentos, tamb\u00e9m aconteceram palestras sobre o c\u00e2ncer de pr\u00f3stata, c\u00e2ncer bucal e as formas de preven\u00e7\u00e3o,\u00a0 servi\u00e7os de aferi\u00e7\u00e3o de press\u00e3o arterial, testes de glicemia e testes de Hepatite C, Hepatite B, S\u00edfilis e HIV.<\/p>\n<p>Os servidores da Secretaria de Obras tamb\u00e9m foram vacinados contra Hepatite B e T\u00e9tano.<\/p>\n<p>O prefeito \u00c9den Duarte, o vice-prefeito Dr\u00f3, o secret\u00e1rio de Obras Isca Viana e a secret\u00e1ria de Sa\u00fade Alessandra Regina estiveram presentes, acompanhando as atividades.<\/p>\n<p>&nbsp;<\/p>\n<p>Ascom<\/p>\n","protected":false},"excerpt":{"rendered":"<p>A Secretaria de Sa\u00fade de Sum\u00e9 encerrou as atividades do Novembro Azul com uma s\u00e9rie de servi\u00e7os voltadas para os servidores da Secretaria de Obras&hellip; <\/p>\n","protected":false},"author":1,"featured_media":74875,"comment_status":"closed","ping_status":"closed","sticky":false,"template":"","format":"standard","meta":{"sfsi_plus_gutenberg_text_before_share":"","sfsi_plus_gutenberg_show_text_before_share":"","sfsi_plus_gutenberg_icon_type":"","sfsi_plus_gutenberg_icon_alignemt":"","sfsi_plus_gutenburg_max_per_row":"","footnotes":""},"categories":[16],"tags":[],"class_list":["post-74867","post","type-post","status-publish","format-standard","has-post-thumbnail","hentry","category-saude"],"_links":{"self":[{"href":"https:\/\/www.caririemacao.com\/1\/wp-json\/wp\/v2\/posts\/74867","targetHints":{"allow":["GET"]}}],"collection":[{"href":"https:\/\/www.caririemacao.com\/1\/wp-json\/wp\/v2\/posts"}],"about":[{"href":"https:\/\/www.caririemacao.com\/1\/wp-json\/wp\/v2\/types\/post"}],"author":[{"embeddable":true,"href":"https:\/\/www.caririemacao.com\/1\/wp-json\/wp\/v2\/users\/1"}],"replies":[{"embeddable":true,"href":"https:\/\/www.caririemacao.com\/1\/wp-json\/wp\/v2\/comments?post=74867"}],"version-history":[{"count":1,"href":"https:\/\/www.caririemacao.com\/1\/wp-json\/wp\/v2\/posts\/74867\/revisions"}],"predecessor-version":[{"id":74876,"href":"https:\/\/www.caririemacao.com\/1\/wp-json\/wp\/v2\/posts\/74867\/revisions\/74876"}],"wp:featuredmedia":[{"embeddable":true,"href":"https:\/\/www.caririemacao.com\/1\/wp-json\/wp\/v2\/media\/74875"}],"wp:attachment":[{"href":"https:\/\/www.caririemacao.com\/1\/wp-json\/wp\/v2\/media?parent=74867"}],"wp:term":[{"taxonomy":"category","embeddable":true,"href":"https:\/\/www.caririemacao.com\/1\/wp-json\/wp\/v2\/categories?post=74867"},{"taxonomy":"post_tag","embeddable":true,"href":"https:\/\/www.caririemacao.com\/1\/wp-json\/wp\/v2\/tags?post=74867"}],"curies":[{"name":"wp","href":"https:\/\/api.w.org\/{rel}","templated":true}]}}