{"id":74877,"date":"2018-11-30T13:43:30","date_gmt":"2018-11-30T16:43:30","guid":{"rendered":"http:\/\/www.caririemacao.com\/1\/?p=74877"},"modified":"2018-11-30T13:43:30","modified_gmt":"2018-11-30T16:43:30","slug":"bolsonaro-esta-fora-de-cogitacao-pais-se-sujeitar-a-outras-nacoes","status":"publish","type":"post","link":"https:\/\/www.caririemacao.com\/1\/2018\/11\/30\/bolsonaro-esta-fora-de-cogitacao-pais-se-sujeitar-a-outras-nacoes\/","title":{"rendered":"Bolsonaro: \u201cest\u00e1 fora de cogita\u00e7\u00e3o\u201d pa\u00eds se sujeitar a outras na\u00e7\u00f5es"},"content":{"rendered":"<p>O presidente eleito Jair Bolsonaro disse, pelo Twitter, que \u201cest\u00e1 fora de cogita\u00e7\u00e3o\u201d o pa\u00eds se sujeitar automaticamente a um interesse externo, de outras na\u00e7\u00f5es.\u201cSujeitar automaticamente nosso territ\u00f3rio, leis e soberania a coloca\u00e7\u00f5es de outras na\u00e7\u00f5es est\u00e1 fora de cogita\u00e7\u00e3o. \u00c9 leg\u00edtimo que pa\u00edses no mundo defendam seus interesses e estaremos dispostos a dialogar sempre, mas defenderemos os interesses do Brasil e dos brasileiros\u201d, disse em mensagem na rede social.<\/p>\n<p>Ontem (29),\u00a0o presidente da Fran\u00e7a, Emmanuel Macron, afirmou\u00a0que a possibilidade de seu governo apoiar o acordo comercial entre a Uni\u00e3o Europeia (UE) e o Mercosul depende da posi\u00e7\u00e3o de\u00a0Bolsonaro\u00a0sobre o Acordo Clim\u00e1tico de Paris. \u201cN\u00e3o podemos pedir aos agricultores e trabalhadores franceses que mudem seus h\u00e1bitos de produ\u00e7\u00e3o para liderar a transi\u00e7\u00e3o ecol\u00f3gica e assinar acordos comerciais com pa\u00edses que n\u00e3o fazem o mesmo. Queremos acordos equilibrados\u201d, disse Macron, que participa da C\u00fapula do G20, em Buenos Aires.<\/p>\n<p>No \u00faltimo dia 28, o\u00a0presidente eleito disse que teve participa\u00e7\u00e3o na decis\u00e3o do governo brasileiro de\u00a0retirar a candidatura\u00a0para sediar a COP-25 (Confer\u00eancia das Partes da Conven\u00e7\u00e3o do Clima das Na\u00e7\u00f5es Unidas), destinada a negociar a implementa\u00e7\u00e3o do Acordo de Paris, que ocorrer\u00e1 de 11 a 22 de novembro de 2019. O Itamaraty informou sobre a decis\u00e3o ao Secretariado da Conven\u00e7\u00e3o-Quadro das Na\u00e7\u00f5es Unidas sobre Mudan\u00e7a do Clima da Organiza\u00e7\u00e3o das Na\u00e7\u00f5es Unidas.<\/p>\n<p>Bolsonaro disse que queria evitar controv\u00e9rsia entre o seu governo e setores ambientalistas sobre a cria\u00e7\u00e3o do corredor ecol\u00f3gico internacional Triplo A e ainda alegou restri\u00e7\u00f5es or\u00e7ament\u00e1rias.\u00a0\u201cHouve participa\u00e7\u00e3o minha nessa decis\u00e3o. Ao nosso futuro ministro [Ernesto Ara\u00fajo, indicado para o Minist\u00e9rio das Rela\u00e7\u00f5es Exteriores], eu recomendei para que evitasse a realiza\u00e7\u00e3o desse evento aqui no Brasil. At\u00e9 porque, eu pe\u00e7o que voc\u00eas [jornalistas] nos ajudem, est\u00e1 em jogo o Triplo A. Esse acordo, que \u00e9 uma grande faixa, que pega a [Cordilheira dos] Andes, Amaz\u00f4nia, Atl\u00e2ntico, de 136 milh\u00f5es de hectares, ao longo da calha dos rios Solim\u00f5es e Amazonas, que poder\u00e1 fazer com que percamos nossa soberania nessa \u00e1rea. Se isso for o contrapeso, n\u00f3s teremos uma posi\u00e7\u00e3o que pode contrariar muita gente, mas vai estar de acordo com o pensamento nacional. Ent\u00e3o, n\u00e3o quero anunciar uma poss\u00edvel ruptura dentro do Brasil, al\u00e9m dos custos, que seriam, no meu entender, bastante exagerados tendo em vista o d\u00e9ficit que temos no momento\u201d, disse o presidente eleito, na ocasi\u00e3o.<\/p>\n<p>&nbsp;<\/p>\n<p>AG\u00caNCIA BRASIL<\/p>\n","protected":false},"excerpt":{"rendered":"<p>O presidente eleito Jair Bolsonaro disse, pelo Twitter, que \u201cest\u00e1 fora de cogita\u00e7\u00e3o\u201d o pa\u00eds se sujeitar automaticamente a um interesse externo, de outras na\u00e7\u00f5es.\u201cSujeitar&hellip; <\/p>\n","protected":false},"author":1,"featured_media":25031,"comment_status":"closed","ping_status":"closed","sticky":false,"template":"","format":"standard","meta":{"sfsi_plus_gutenberg_text_before_share":"","sfsi_plus_gutenberg_show_text_before_share":"","sfsi_plus_gutenberg_icon_type":"","sfsi_plus_gutenberg_icon_alignemt":"","sfsi_plus_gutenburg_max_per_row":"","footnotes":""},"categories":[11],"tags":[],"class_list":["post-74877","post","type-post","status-publish","format-standard","has-post-thumbnail","hentry","category-politica"],"_links":{"self":[{"href":"https:\/\/www.caririemacao.com\/1\/wp-json\/wp\/v2\/posts\/74877","targetHints":{"allow":["GET"]}}],"collection":[{"href":"https:\/\/www.caririemacao.com\/1\/wp-json\/wp\/v2\/posts"}],"about":[{"href":"https:\/\/www.caririemacao.com\/1\/wp-json\/wp\/v2\/types\/post"}],"author":[{"embeddable":true,"href":"https:\/\/www.caririemacao.com\/1\/wp-json\/wp\/v2\/users\/1"}],"replies":[{"embeddable":true,"href":"https:\/\/www.caririemacao.com\/1\/wp-json\/wp\/v2\/comments?post=74877"}],"version-history":[{"count":1,"href":"https:\/\/www.caririemacao.com\/1\/wp-json\/wp\/v2\/posts\/74877\/revisions"}],"predecessor-version":[{"id":74878,"href":"https:\/\/www.caririemacao.com\/1\/wp-json\/wp\/v2\/posts\/74877\/revisions\/74878"}],"wp:featuredmedia":[{"embeddable":true,"href":"https:\/\/www.caririemacao.com\/1\/wp-json\/wp\/v2\/media\/25031"}],"wp:attachment":[{"href":"https:\/\/www.caririemacao.com\/1\/wp-json\/wp\/v2\/media?parent=74877"}],"wp:term":[{"taxonomy":"category","embeddable":true,"href":"https:\/\/www.caririemacao.com\/1\/wp-json\/wp\/v2\/categories?post=74877"},{"taxonomy":"post_tag","embeddable":true,"href":"https:\/\/www.caririemacao.com\/1\/wp-json\/wp\/v2\/tags?post=74877"}],"curies":[{"name":"wp","href":"https:\/\/api.w.org\/{rel}","templated":true}]}}