{"id":74879,"date":"2018-11-30T13:45:31","date_gmt":"2018-11-30T16:45:31","guid":{"rendered":"http:\/\/www.caririemacao.com\/1\/?p=74879"},"modified":"2018-11-30T13:45:31","modified_gmt":"2018-11-30T16:45:31","slug":"agencia-nacional-suspende-a-venda-de-17-planos-de-saude-veja-a-lista","status":"publish","type":"post","link":"https:\/\/www.caririemacao.com\/1\/2018\/11\/30\/agencia-nacional-suspende-a-venda-de-17-planos-de-saude-veja-a-lista\/","title":{"rendered":"Ag\u00eancia Nacional suspende a venda de 17 planos de sa\u00fade; veja a lista"},"content":{"rendered":"<p>A Ag\u00eancia Nacional de Sa\u00fade Suplementar (ANS) determinou nesta sexta-feira (30) a suspens\u00e3o da venda de 17 planos de sa\u00fade de 3 operadoras a partir do dia 7 de dezembro.<\/p>\n<p>A medida \u00e9 resultado do Programa de Monitoramento da Garantia de Atendimento, realizado a cada tr\u00eas meses pela ag\u00eancia.<\/p>\n<p>Os 156,6 mil usu\u00e1rios desses planos continuar\u00e3o a ter assist\u00eancia regular, mas as operadoras ficam impedidas de vender para outros interessados at\u00e9 que comprovem a melhoria no atendimento.<\/p>\n<p>A lista de planos suspensos foi divulgada nesta sexta e est\u00e1 dispon\u00edvel no site da ANS.<\/p>\n<p>Entre 1\u00ba de julho e 30 de setembro, foram registradas 17.314 reclama\u00e7\u00f5es de natureza assistencial nos canais de atendimento da ANS. Dessas, 16.442 foram consideradas para an\u00e1lise pelo Programa de Monitoramento. Segundo a ag\u00eancia, 95,62% das queixas foram resolvidas pela media\u00e7\u00e3o feita pela ANS.<\/p>\n<p><strong>Veja a lista de planos com comercializa\u00e7\u00e3o suspensa:<\/strong><\/p>\n<p><strong>SALUTAR SA\u00daDE SEGURADORA S\/A<\/strong><\/p>\n<p>SALUTAR 600<br \/>\nCl\u00e1ssico \u2013 Emp Estadual QC Sem FM<br \/>\nSalutar Cl\u00e1ssico Ades\u00e3o Enfermaria Sem Co-Part ou Franquia<br \/>\nSalutar Cl\u00e1ssico Empresarial Enf Sem Co-Part ou Franquia<br \/>\nEspecial Top Ades\u00e3o sem Coparticipa\u00e7\u00e3o sem Franquia<br \/>\nExecutivo Top Ades\u00e3o sem Coparticipa\u00e7\u00e3o sem Franquia<\/p>\n<p><strong>UNIMED-RIO COOPERATIVA DE TRABALHO MEDICO DO RIO DE JANEIRO<\/strong><\/p>\n<p>Unimed Beta<br \/>\nUnimed Alfa 2 PPE<br \/>\nUnimed Beta 2 PPE<br \/>\nUnimed Delta 2 PPE<br \/>\nUnimed Delta 2<br \/>\nUnimed Personal Quarto Coletivo 2<br \/>\nUnimed Alfa 2<br \/>\nUnimed \u00d4mega Plus PPE<br \/>\nUnimed \u00d4mega Plus<br \/>\nUniPart Alfa 2 Dental<\/p>\n<p><strong>AMENO ASSIST\u00caNCIA M\u00c9DICA S\/S LTDA<\/strong><\/p>\n<p>Plano Regional global<\/p>\n","protected":false},"excerpt":{"rendered":"<p>A Ag\u00eancia Nacional de Sa\u00fade Suplementar (ANS) determinou nesta sexta-feira (30) a suspens\u00e3o da venda de 17 planos de sa\u00fade de 3 operadoras a partir&hellip; <\/p>\n","protected":false},"author":1,"featured_media":74880,"comment_status":"closed","ping_status":"closed","sticky":false,"template":"","format":"standard","meta":{"sfsi_plus_gutenberg_text_before_share":"","sfsi_plus_gutenberg_show_text_before_share":"","sfsi_plus_gutenberg_icon_type":"","sfsi_plus_gutenberg_icon_alignemt":"","sfsi_plus_gutenburg_max_per_row":"","footnotes":""},"categories":[50,2],"tags":[],"class_list":["post-74879","post","type-post","status-publish","format-standard","has-post-thumbnail","hentry","category-destaque","category-geral"],"_links":{"self":[{"href":"https:\/\/www.caririemacao.com\/1\/wp-json\/wp\/v2\/posts\/74879","targetHints":{"allow":["GET"]}}],"collection":[{"href":"https:\/\/www.caririemacao.com\/1\/wp-json\/wp\/v2\/posts"}],"about":[{"href":"https:\/\/www.caririemacao.com\/1\/wp-json\/wp\/v2\/types\/post"}],"author":[{"embeddable":true,"href":"https:\/\/www.caririemacao.com\/1\/wp-json\/wp\/v2\/users\/1"}],"replies":[{"embeddable":true,"href":"https:\/\/www.caririemacao.com\/1\/wp-json\/wp\/v2\/comments?post=74879"}],"version-history":[{"count":1,"href":"https:\/\/www.caririemacao.com\/1\/wp-json\/wp\/v2\/posts\/74879\/revisions"}],"predecessor-version":[{"id":74881,"href":"https:\/\/www.caririemacao.com\/1\/wp-json\/wp\/v2\/posts\/74879\/revisions\/74881"}],"wp:featuredmedia":[{"embeddable":true,"href":"https:\/\/www.caririemacao.com\/1\/wp-json\/wp\/v2\/media\/74880"}],"wp:attachment":[{"href":"https:\/\/www.caririemacao.com\/1\/wp-json\/wp\/v2\/media?parent=74879"}],"wp:term":[{"taxonomy":"category","embeddable":true,"href":"https:\/\/www.caririemacao.com\/1\/wp-json\/wp\/v2\/categories?post=74879"},{"taxonomy":"post_tag","embeddable":true,"href":"https:\/\/www.caririemacao.com\/1\/wp-json\/wp\/v2\/tags?post=74879"}],"curies":[{"name":"wp","href":"https:\/\/api.w.org\/{rel}","templated":true}]}}