{"id":74882,"date":"2018-11-30T13:49:24","date_gmt":"2018-11-30T16:49:24","guid":{"rendered":"http:\/\/www.caririemacao.com\/1\/?p=74882"},"modified":"2018-11-30T13:49:24","modified_gmt":"2018-11-30T16:49:24","slug":"nova-tabela-do-fator-previdenciario-ultima-chance-de-pedir-aposentadoria-com-a-tabela-antiga-e-hoje-mas-sera-que-vale-a-pena","status":"publish","type":"post","link":"https:\/\/www.caririemacao.com\/1\/2018\/11\/30\/nova-tabela-do-fator-previdenciario-ultima-chance-de-pedir-aposentadoria-com-a-tabela-antiga-e-hoje-mas-sera-que-vale-a-pena\/","title":{"rendered":"NOVA TABELA DO FATOR PREVID\u00caNCI\u00c1RIO: \u00daltima chance de pedir aposentadoria com a tabela antiga \u00e9 hoje, mas ser\u00e1 que vale a pena?"},"content":{"rendered":"<div class=\"text\">\n<p>A\u00a0<strong>nova tabela do fator previdenci\u00e1rio<\/strong>, com um desconto maior para quem vai se aposentar por\u00a0<strong>tempo de contribui\u00e7\u00e3o<\/strong>, come\u00e7a a valer neste s\u00e1bado (1\u00ba). Os segurados que querem aproveitar a tabela antiga, com o desconto menor, podem fazer o pedido do benef\u00edcio ainda hoje. Mas compensa pedir a aposentadoria j\u00e1 e fugir da nova tabela?<\/p>\n<p>O\u00a0<strong>fator previdenci\u00e1rio<\/strong>\u00a0\u00e9 um \u00edndice usado no c\u00e1lculo da aposentadoria por tempo de contribui\u00e7\u00e3o, que exige 30 anos de recolhimentos, para as mulheres, e 35 anos, para os homens. Como n\u00e3o h\u00e1 uma idade m\u00ednima para pedir esse benef\u00edcio, o fator previdenci\u00e1rio \u00e9 aplicado, e reduz o benef\u00edcio de quem se aposenta cedo.<\/p>\n<p>Newton Conde, atu\u00e1rio especializado em Previd\u00eancia e consultor da Conde Consultoria Atuarial, estima que, em m\u00e9dia, a redu\u00e7\u00e3o no valor do benef\u00edcio de uma tabela para a outra seja de 0,77%. Ele d\u00e1 um exemplo de um segurado com 55 anos de idade, 35 anos de contribui\u00e7\u00e3o e m\u00e9dia salarial de R$ 3.000. Com a tabela atual, ele ganharia R$ 2.060,46 de aposentadoria. Com a nova tabela, o valor seria R$ 15,60 menor por m\u00eas.<\/p>\n<p>\u201cAposentadoria \u00e9 algo que voc\u00ea vai ter pelo resto da vida. Para aquele que j\u00e1 vinha planejando se aposentar, vale a pena pedir agora, antes da mudan\u00e7a da tabela. Mesmo que seja R$ 15 a mais, s\u00e3o R$ 15 para o resto da vida\u201d, afirmou o consultor.<\/p>\n<p>Por outro lado, deve ter cautela quem ainda n\u00e3o estava pensando em pedir a aposentadoria ou n\u00e3o fez os c\u00e1lculos para saber se \u00e9 o momento certo. \u201cA palavra-chave \u00e9 planejamento. N\u00e3o pe\u00e7a agora s\u00f3 porque o benef\u00edcio vai ter uma redu\u00e7\u00e3o de 0,77%. Veja outras quest\u00f5es tamb\u00e9m\u201d, disse Conde.<\/p>\n<h3>O que considerar ao pedir aposentadoria?<\/h3>\n<p>O advogado previdenci\u00e1rio Thiago Luchin disse que, antes de dar entrada no benef\u00edcio, o segurado precisa avaliar se \u00e9 o momento correto de fazer o pedido. \u201cPrimeiro, \u00e9 preciso fazer um planejamento para demonstrar, com uma s\u00e9rie de simula\u00e7\u00f5es, qual o melhor momento para se aposentar. Tem que sempre pensar a longo prazo. \u00c9 bom come\u00e7ar logo a ter uma renda a mais, mas o segurado precisa considerar de quanto ser\u00e1 sua aposentadoria no futuro.\u201d<\/p>\n<p>H\u00e1 situa\u00e7\u00f5es em que os segurados n\u00e3o podem esperar para ter um benef\u00edcio maior, pois precisam da renda naquele momento. Segundo Luchin, mesmo nesses casos, \u00e9 preciso ter em m\u00e3os os c\u00e1lculos para saber a decis\u00e3o que est\u00e1 tomando. \u201cA recomenda\u00e7\u00e3o \u00e9 n\u00e3o fazer nada no escuro. \u00c9 preciso estar ciente dessa decis\u00e3o.\u201d<\/p>\n<h3>Quem n\u00e3o precisa esperar mais?<\/h3>\n<p>Luchin afirmou que, para os segurados que sempre contribu\u00edram pelo sal\u00e1rio m\u00ednimo, n\u00e3o \u00e9 preciso esperar mais, pois o valor do benef\u00edcio ser\u00e1 o piso nacional \u2013de R$ 954 em 2018.<\/p>\n<p>\u201cPara quem sempre contribuiu pelo m\u00ednimo, n\u00e3o h\u00e1 preocupa\u00e7\u00e3o. Pode ser feito o pedido. Agora, se os valores forem maiores, \u00e9 fundamental saber o momento exato da aposentadoria, evitando qualquer tipo de preju\u00edzo. Muitas vezes, quando se opta por uma aposentadoria precoce, o preju\u00edzo pode ser irrevers\u00edvel.\u201d<\/p>\n<h3>Quem deve ter cautela ao fazer o pedido?<\/h3>\n<p>Os segurados que estavam planejando pedir a aposentadoria por tempo de contribui\u00e7\u00e3o com o fator previdenci\u00e1rio e est\u00e3o perto de fazer anivers\u00e1rio devem ter aten\u00e7\u00e3o. Conde afirma que a mudan\u00e7a de faixa et\u00e1ria reduz o desconto do fator. Portanto, pode valer a pena esperar o anivers\u00e1rio para ganhar mais, mesmo com a mudan\u00e7a na tabela.<\/p>\n<p>Al\u00e9m disso, os segurados com mais idade e mais tempo de contribui\u00e7\u00e3o podem ter vantagem com a\u00a0<strong>f\u00f3rmula 85\/95 progressiva<\/strong>, que n\u00e3o tem desconto do fator. Para ter o direito, \u00e9 preciso que a soma da idade com o tempo de contribui\u00e7\u00e3o seja de 85 pontos, para mulheres, e 95 pontos, para homens, al\u00e9m de 30 anos de contribui\u00e7\u00e3o (mulheres) e 35 anos de pagamentos (homens). Em 31 de dezembro deste ano, a f\u00f3rmula passa a ser\u00a0<strong>86\/96<\/strong>.<\/p>\n<h3>Como pedir a aposentadoria?<\/h3>\n<p>Os segurados que decidirem pedir a aposentadoria com a nova tabela do fator previdenci\u00e1rio podem fazer a solicita\u00e7\u00e3o no site\u00a0<strong><a href=\"https:\/\/meu.inss.gov.br\/central\/index.html#\/\" target=\"_blank\" rel=\"noopener\">Meu INSS<\/a><\/strong>. Luchin afirma que o segurado deve anotar o n\u00famero do protocolo do pedido, pois \u00e9 a partir dessa data que a aposentadoria come\u00e7a a contar.<\/p>\n<div class=\"video-embed\">\n<div id=\"UOLPlayer_15435816071408767\" class=\"uolplayer _video _mouseout _ondemand is-desktop video\" data-automount=\"false\" data-mediaid=\"16514426\" data-autoplay=\"false\" data-autoplayscroll=\"false\" data-startmute=\"true\" data-duration=\"\" data-related=\"true\" data-playlist=\"false\" data-poster=\"\/\/thumb.mais.uol.com.br\/16514426.jpg\" data-detach=\"true\" data-ondemand=\"true\" data-metrics-play=\"{&quot;reference&quot;:&quot;executar-video&quot;,&quot;action&quot;:&quot;clique&quot;,&quot;component&quot;:&quot;video-embed&quot;,&quot;mediaName&quot;:&quot;V\u00eddeo&quot;}\" data-hashid=\"15435816071408767\" data-materialized=\"true\">\n<div class=\"uolplayer-container\">\n<div class=\"ad-container\">UOL<\/div>\n<\/div>\n<\/div>\n<footer class=\"video-infos\"><\/footer>\n<\/div>\n<\/div>\n","protected":false},"excerpt":{"rendered":"<p>A\u00a0nova tabela do fator previdenci\u00e1rio, com um desconto maior para quem vai se aposentar por\u00a0tempo de contribui\u00e7\u00e3o, come\u00e7a a valer neste s\u00e1bado (1\u00ba). Os segurados&hellip; <\/p>\n","protected":false},"author":1,"featured_media":25319,"comment_status":"closed","ping_status":"closed","sticky":false,"template":"","format":"standard","meta":{"sfsi_plus_gutenberg_text_before_share":"","sfsi_plus_gutenberg_show_text_before_share":"","sfsi_plus_gutenberg_icon_type":"","sfsi_plus_gutenberg_icon_alignemt":"","sfsi_plus_gutenburg_max_per_row":"","footnotes":""},"categories":[50,2],"tags":[],"class_list":["post-74882","post","type-post","status-publish","format-standard","has-post-thumbnail","hentry","category-destaque","category-geral"],"_links":{"self":[{"href":"https:\/\/www.caririemacao.com\/1\/wp-json\/wp\/v2\/posts\/74882","targetHints":{"allow":["GET"]}}],"collection":[{"href":"https:\/\/www.caririemacao.com\/1\/wp-json\/wp\/v2\/posts"}],"about":[{"href":"https:\/\/www.caririemacao.com\/1\/wp-json\/wp\/v2\/types\/post"}],"author":[{"embeddable":true,"href":"https:\/\/www.caririemacao.com\/1\/wp-json\/wp\/v2\/users\/1"}],"replies":[{"embeddable":true,"href":"https:\/\/www.caririemacao.com\/1\/wp-json\/wp\/v2\/comments?post=74882"}],"version-history":[{"count":1,"href":"https:\/\/www.caririemacao.com\/1\/wp-json\/wp\/v2\/posts\/74882\/revisions"}],"predecessor-version":[{"id":74883,"href":"https:\/\/www.caririemacao.com\/1\/wp-json\/wp\/v2\/posts\/74882\/revisions\/74883"}],"wp:featuredmedia":[{"embeddable":true,"href":"https:\/\/www.caririemacao.com\/1\/wp-json\/wp\/v2\/media\/25319"}],"wp:attachment":[{"href":"https:\/\/www.caririemacao.com\/1\/wp-json\/wp\/v2\/media?parent=74882"}],"wp:term":[{"taxonomy":"category","embeddable":true,"href":"https:\/\/www.caririemacao.com\/1\/wp-json\/wp\/v2\/categories?post=74882"},{"taxonomy":"post_tag","embeddable":true,"href":"https:\/\/www.caririemacao.com\/1\/wp-json\/wp\/v2\/tags?post=74882"}],"curies":[{"name":"wp","href":"https:\/\/api.w.org\/{rel}","templated":true}]}}