{"id":74884,"date":"2018-11-30T13:52:12","date_gmt":"2018-11-30T16:52:12","guid":{"rendered":"http:\/\/www.caririemacao.com\/1\/?p=74884"},"modified":"2018-11-30T13:52:12","modified_gmt":"2018-11-30T16:52:12","slug":"a-quem-interessa-vender-o-banco-do-brasil-ou-a-petrobras-questiona-ricardo-coutinho-sobre-privatizacoes-propostas-por-bolsonaro","status":"publish","type":"post","link":"https:\/\/www.caririemacao.com\/1\/2018\/11\/30\/a-quem-interessa-vender-o-banco-do-brasil-ou-a-petrobras-questiona-ricardo-coutinho-sobre-privatizacoes-propostas-por-bolsonaro\/","title":{"rendered":"\u2018A QUEM INTERESSA VENDER O BANCO DO BRASIL OU A PETROBRAS?\u2019, questiona Ricardo Coutinho sobre privatiza\u00e7\u00f5es propostas por Bolsonaro"},"content":{"rendered":"<p>O governador Ricardo Coutinho (PSB) disse na manh\u00e3 desta sexta-feira, 30, que privatiza\u00e7\u00f5es n\u00e3o resolvem os problemas pol\u00edticos ou econ\u00f4micos de um pa\u00eds como o Brasil. Em entrevista a R\u00e1dio Band News, ele foi questionado sobre a proposta de privatiza\u00e7\u00f5es do presidente eleito, Jair Bolsonaro (PSL), de vender empresas p\u00fablicas do Brasil.\u201cA quem interessa vender o Banco do Brasil ou a Petrobras?\u201d, questionou o governador criticando a medida apresentada para o futuro governo. Como exemplo, Ricardo Coutinho citou diversas op\u00e7\u00f5es para o poder p\u00fablico cuidar de suas empresas e torn\u00e1-las mais eficientes e lucrativas, citando o Porto de Cabedelo, que \u00e9 gerido pelo Governo da Para\u00edba e desenvolve atividades muito importantes atraindo investimentos importantes.<\/p>\n<p>Questionado sobre sua participa\u00e7\u00e3o na gest\u00e3o do governador eleito, Jo\u00e3o Azevedo (PSB), ele disse que estar\u00e1 a disposi\u00e7\u00e3o para dar opini\u00e3o, \u201cn\u00e3o que seja sempre certa, mas ser\u00e1 uma opini\u00e3o, quando ele precisar, Jo\u00e3o ter\u00e1, em mim, um companheiro para todas as horas, a elei\u00e7\u00e3o mostrou que a popula\u00e7\u00e3o aprovou o nosso projeto e quer a continuidade\u201d, afirmou.<\/p>\n<p>Coutinho fez um breve balan\u00e7o de importantes a\u00e7\u00f5es de sua gest\u00e3o nos quase oito anos de gest\u00e3o a frente do Governo e pontuou que foram implementados projetos que mudaram, verdadeiramente, a vida das pessoas, como o Gira Mundo e o Prima, assim como a participa\u00e7\u00e3o ativa das pessoas nas decis\u00f5es do governo, atrav\u00e9s do or\u00e7amento Democr\u00e1tico, que realiza plen\u00e1rias em toda a Para\u00edba elegendo demandas que s\u00e3o mais importantes em cada microrregi\u00e3o, para a partir disso, planejar as a\u00e7\u00f5es do ano seguinte.<\/p>\n<p>&nbsp;<\/p>\n<p>POLEMICAPB<\/p>\n","protected":false},"excerpt":{"rendered":"<p>O governador Ricardo Coutinho (PSB) disse na manh\u00e3 desta sexta-feira, 30, que privatiza\u00e7\u00f5es n\u00e3o resolvem os problemas pol\u00edticos ou econ\u00f4micos de um pa\u00eds como o&hellip; <\/p>\n","protected":false},"author":1,"featured_media":52291,"comment_status":"closed","ping_status":"closed","sticky":false,"template":"","format":"standard","meta":{"sfsi_plus_gutenberg_text_before_share":"","sfsi_plus_gutenberg_show_text_before_share":"","sfsi_plus_gutenberg_icon_type":"","sfsi_plus_gutenberg_icon_alignemt":"","sfsi_plus_gutenburg_max_per_row":"","footnotes":""},"categories":[50,11],"tags":[],"class_list":["post-74884","post","type-post","status-publish","format-standard","has-post-thumbnail","hentry","category-destaque","category-politica"],"_links":{"self":[{"href":"https:\/\/www.caririemacao.com\/1\/wp-json\/wp\/v2\/posts\/74884","targetHints":{"allow":["GET"]}}],"collection":[{"href":"https:\/\/www.caririemacao.com\/1\/wp-json\/wp\/v2\/posts"}],"about":[{"href":"https:\/\/www.caririemacao.com\/1\/wp-json\/wp\/v2\/types\/post"}],"author":[{"embeddable":true,"href":"https:\/\/www.caririemacao.com\/1\/wp-json\/wp\/v2\/users\/1"}],"replies":[{"embeddable":true,"href":"https:\/\/www.caririemacao.com\/1\/wp-json\/wp\/v2\/comments?post=74884"}],"version-history":[{"count":1,"href":"https:\/\/www.caririemacao.com\/1\/wp-json\/wp\/v2\/posts\/74884\/revisions"}],"predecessor-version":[{"id":74885,"href":"https:\/\/www.caririemacao.com\/1\/wp-json\/wp\/v2\/posts\/74884\/revisions\/74885"}],"wp:featuredmedia":[{"embeddable":true,"href":"https:\/\/www.caririemacao.com\/1\/wp-json\/wp\/v2\/media\/52291"}],"wp:attachment":[{"href":"https:\/\/www.caririemacao.com\/1\/wp-json\/wp\/v2\/media?parent=74884"}],"wp:term":[{"taxonomy":"category","embeddable":true,"href":"https:\/\/www.caririemacao.com\/1\/wp-json\/wp\/v2\/categories?post=74884"},{"taxonomy":"post_tag","embeddable":true,"href":"https:\/\/www.caririemacao.com\/1\/wp-json\/wp\/v2\/tags?post=74884"}],"curies":[{"name":"wp","href":"https:\/\/api.w.org\/{rel}","templated":true}]}}