{"id":74886,"date":"2018-11-30T14:03:46","date_gmt":"2018-11-30T17:03:46","guid":{"rendered":"http:\/\/www.caririemacao.com\/1\/?p=74886"},"modified":"2018-11-30T14:03:46","modified_gmt":"2018-11-30T17:03:46","slug":"comissao-entrega-proposta-de-curriculos-escolares-ao-conselho-estadual-de-educacao","status":"publish","type":"post","link":"https:\/\/www.caririemacao.com\/1\/2018\/11\/30\/comissao-entrega-proposta-de-curriculos-escolares-ao-conselho-estadual-de-educacao\/","title":{"rendered":"Comiss\u00e3o entrega proposta de curr\u00edculos escolares ao Conselho Estadual de Educa\u00e7\u00e3o"},"content":{"rendered":"<p>Em reuni\u00e3o realizada, nessa quinta-feira (29), a Comiss\u00e3o Estadual de Implementa\u00e7\u00e3o da Base Nacional Comum Curricular (BNCC) entregou formalmente ao Conselho Estadual de Educa\u00e7\u00e3o da Para\u00edba (CEE\/PB) a proposta final de curr\u00edculos escolares do Ensino Infantil e Fundamental que est\u00e3o sendo reformulados a partir da institui\u00e7\u00e3o da Base Nacional Comum Curricular. O Conselho estima aprov\u00e1-la at\u00e9 20 de dezembro, conforme calend\u00e1rio nacional. Os novos curr\u00edculos passam a vigorar em 2019 na rede estadual de ensino, e nas redes privada e municipal que optarem pelo novo curr\u00edculo. <u><\/u><u><\/u><\/p>\n<p>A proposta Curricular tamb\u00e9m ir\u00e1 para os munic\u00edpios que desejarem utiliz\u00e1-la para que seus conselhos aprovem. A partir da institui\u00e7\u00e3o da BNCC (Resolu\u00e7\u00e3o CNE\/CP N\u00ba 2, de 22 de dezembro de 2017) \u2013 documento de car\u00e1ter normativo que define o conjunto org\u00e2nico e progressivo de aprendizagens essenciais que todos os alunos devem desenvolver ao longo das etapas e modalidades da Educa\u00e7\u00e3o B\u00e1sica \u2013 coube aos estados adequarem seus curr\u00edculos escolares.<u><\/u><u><\/u><\/p>\n<p>A Secretaria de Estado da Educa\u00e7\u00e3o da Para\u00edba (SEE) juntamente com a Uni\u00e3o Nacional dos Dirigentes Municipais de Educa\u00e7\u00e3o (Undime) realizou nos \u00faltimos meses esfor\u00e7o coletivo na reda\u00e7\u00e3o desses curr\u00edculos e os colocou em consulta p\u00fablica. Caber\u00e1 ao Conselho Estadual de Educa\u00e7\u00e3o da Para\u00edba apreciar esta proposta e dar seu parecer final. <u><\/u><u><\/u><\/p>\n<p>Ap\u00f3s a homologa\u00e7\u00e3o da BNCC, o comit\u00ea de governan\u00e7a da Para\u00edba iniciou o processo de cria\u00e7\u00e3o da proposta curricular estadual que poder\u00e1 ser seguido por todas as escolas da Para\u00edba, das redes municipal, estadual ou privada. A proposta curricular foi discutida junto \u00e0 sociedade paraibana e contou com contribui\u00e7\u00f5es de professores, gestores, entre outros profissionais da educa\u00e7\u00e3o.<u><\/u><u><\/u><\/p>\n<p>A equipe de elabora\u00e7\u00e3o da proposta curricular estadual \u00e9 composta pelo comit\u00ea de governan\u00e7a, formado por Robson Rubenilson, coordenador estadual do Curr\u00edculo pela Secretaria de Estado da Educa\u00e7\u00e3o (SEE) e Conselho Nacional dos Secret\u00e1rios de Educa\u00e7\u00e3o (Consed); professora Rilma Melo, coordenadora estadual do Curr\u00edculo pela Uni\u00e3o Nacional dos Dirigentes Municipais de Educa\u00e7\u00e3o (Undime); Uilma Mendes, articuladora de regime de articula\u00e7\u00e3o pela Undime e Daniel Saraiva, analista de gest\u00e3o. <u><\/u><u><\/u><\/p>\n<p>Para Robson Rubenilson, coordenador estadual do Curr\u00edculo pela Secretaria de Estado da Educa\u00e7\u00e3o (SEE) e do Conselho Nacional dos Secret\u00e1rios de Educa\u00e7\u00e3o (Consed), \u201ca proposta curricular da Para\u00edba \u00e9 uma oportunidade para as crian\u00e7as e adolescentes que estudam nas redes municipais, privada e estadual. Todos os estudantes ter\u00e3o acesso a um curr\u00edculo comum em todo o estado, garantindo a todos direito de aprendizagem, independente da escola que esteja matriculado, reduzindo as desigualdades educacionais\u201d.<u><\/u><u><\/u><\/p>\n<p>Tamb\u00e9m fazem parte da equipe do Programa de Apoio a Implementa\u00e7\u00e3o da BNCC (ProBNCC) tr\u00eas coordenadoras de etapa e 22 redatores, sendo 19 professores efetivos da rede estadual e tr\u00eas professores da rede municipal da Para\u00edba, al\u00e9m de colaboradores<u><\/u><u><\/u><\/p>\n<p>Ao longo dos meses de reformula\u00e7\u00e3o, o Conselho Estadual de Educa\u00e7\u00e3o da Para\u00edba (CEE\/PB) apreciou pareceres de pesquisadores de universidades paraibanas sobre as propostas de curr\u00edculos escolares da Educa\u00e7\u00e3o Infantil e Ensino Fundamental que est\u00e3o sendo reformulados a partir da institui\u00e7\u00e3o da Base Nacional Comum Curricular (BNCC).<\/p>\n<p>&nbsp;<\/p>\n<p>SECOM\/PB<\/p>\n","protected":false},"excerpt":{"rendered":"<p>Em reuni\u00e3o realizada, nessa quinta-feira (29), a Comiss\u00e3o Estadual de Implementa\u00e7\u00e3o da Base Nacional Comum Curricular (BNCC) entregou formalmente ao Conselho Estadual de Educa\u00e7\u00e3o da&hellip; <\/p>\n","protected":false},"author":1,"featured_media":59379,"comment_status":"closed","ping_status":"closed","sticky":false,"template":"","format":"standard","meta":{"sfsi_plus_gutenberg_text_before_share":"","sfsi_plus_gutenberg_show_text_before_share":"","sfsi_plus_gutenberg_icon_type":"","sfsi_plus_gutenberg_icon_alignemt":"","sfsi_plus_gutenburg_max_per_row":"","footnotes":""},"categories":[14],"tags":[],"class_list":["post-74886","post","type-post","status-publish","format-standard","has-post-thumbnail","hentry","category-educacao"],"_links":{"self":[{"href":"https:\/\/www.caririemacao.com\/1\/wp-json\/wp\/v2\/posts\/74886","targetHints":{"allow":["GET"]}}],"collection":[{"href":"https:\/\/www.caririemacao.com\/1\/wp-json\/wp\/v2\/posts"}],"about":[{"href":"https:\/\/www.caririemacao.com\/1\/wp-json\/wp\/v2\/types\/post"}],"author":[{"embeddable":true,"href":"https:\/\/www.caririemacao.com\/1\/wp-json\/wp\/v2\/users\/1"}],"replies":[{"embeddable":true,"href":"https:\/\/www.caririemacao.com\/1\/wp-json\/wp\/v2\/comments?post=74886"}],"version-history":[{"count":1,"href":"https:\/\/www.caririemacao.com\/1\/wp-json\/wp\/v2\/posts\/74886\/revisions"}],"predecessor-version":[{"id":74887,"href":"https:\/\/www.caririemacao.com\/1\/wp-json\/wp\/v2\/posts\/74886\/revisions\/74887"}],"wp:featuredmedia":[{"embeddable":true,"href":"https:\/\/www.caririemacao.com\/1\/wp-json\/wp\/v2\/media\/59379"}],"wp:attachment":[{"href":"https:\/\/www.caririemacao.com\/1\/wp-json\/wp\/v2\/media?parent=74886"}],"wp:term":[{"taxonomy":"category","embeddable":true,"href":"https:\/\/www.caririemacao.com\/1\/wp-json\/wp\/v2\/categories?post=74886"},{"taxonomy":"post_tag","embeddable":true,"href":"https:\/\/www.caririemacao.com\/1\/wp-json\/wp\/v2\/tags?post=74886"}],"curies":[{"name":"wp","href":"https:\/\/api.w.org\/{rel}","templated":true}]}}