{"id":74888,"date":"2018-11-30T14:12:18","date_gmt":"2018-11-30T17:12:18","guid":{"rendered":"http:\/\/www.caririemacao.com\/1\/?p=74888"},"modified":"2018-11-30T14:12:18","modified_gmt":"2018-11-30T17:12:18","slug":"copa-paraiba-de-futebol-raimundo-braga-sera-decidida-neste-sabado","status":"publish","type":"post","link":"https:\/\/www.caririemacao.com\/1\/2018\/11\/30\/copa-paraiba-de-futebol-raimundo-braga-sera-decidida-neste-sabado\/","title":{"rendered":"Copa Para\u00edba de Futebol Raimundo Braga ser\u00e1 decidida neste s\u00e1bado"},"content":{"rendered":"<p class=\" \">A Copa Para\u00edba de Futebol Raimundo Braga ser\u00e1 decidida, neste s\u00e1bado (1\u00ba), \u00e0s 15h15, quando a Escolinha CRA, de Sousa, enfrenta o Campinense Clube, na grande final. A partida ser\u00e1 no est\u00e1dio Municipal do munic\u00edpio de Quixaba, localizado na regi\u00e3o polarizada por Patos.<\/p>\n<p class=\" \">De acordo com a coordena\u00e7\u00e3o, o local da partida ser\u00e1 em um espa\u00e7o neutro por decis\u00e3o dos pr\u00f3prios participantes. &#8220;Como \u00e9 um clube de Sousa e outro de Campina Grande, ficou decidido que a final ser\u00e1 em um est\u00e1dio localizado\u00a0entre uma cidade e outra dos finalistas&#8221;, explicou o professor Mineiro, coordenador da competi\u00e7\u00e3o.<\/p>\n<p class=\" \">Neste ano, o evento, que \u00e9 destinado para atletas at\u00e9 15 anos, contou com a presen\u00e7a de mais de 200 equipes de todas as regi\u00f5es da Para\u00edba, totalizando 6.400 jovens atletas.<\/p>\n<p>&#8220;Por mais um ano, o Governo do Estado realiza a Copa Sub 15 onde todos os times participaram, desde o primeiro ano, em 2013, de forma gratuita. \u00c9 um incentivo \u00e0 categoria de base do futebol paraibano e que, agora, est\u00e1 perto de conhecer o campe\u00e3o 2018&#8221;, frisou o secret\u00e1rio Executivo de Esporte e Lazer da Para\u00edba, Jos\u00e9 Marco.<\/p>\n<p class=\"noticia_fonte\">Secom-PB<\/p>\n","protected":false},"excerpt":{"rendered":"<p>A Copa Para\u00edba de Futebol Raimundo Braga ser\u00e1 decidida, neste s\u00e1bado (1\u00ba), \u00e0s 15h15, quando a Escolinha CRA, de Sousa, enfrenta o Campinense Clube, na&hellip; <\/p>\n","protected":false},"author":1,"featured_media":23679,"comment_status":"closed","ping_status":"closed","sticky":false,"template":"","format":"standard","meta":{"sfsi_plus_gutenberg_text_before_share":"","sfsi_plus_gutenberg_show_text_before_share":"","sfsi_plus_gutenberg_icon_type":"","sfsi_plus_gutenberg_icon_alignemt":"","sfsi_plus_gutenburg_max_per_row":"","footnotes":""},"categories":[13],"tags":[],"class_list":["post-74888","post","type-post","status-publish","format-standard","has-post-thumbnail","hentry","category-esportes"],"_links":{"self":[{"href":"https:\/\/www.caririemacao.com\/1\/wp-json\/wp\/v2\/posts\/74888","targetHints":{"allow":["GET"]}}],"collection":[{"href":"https:\/\/www.caririemacao.com\/1\/wp-json\/wp\/v2\/posts"}],"about":[{"href":"https:\/\/www.caririemacao.com\/1\/wp-json\/wp\/v2\/types\/post"}],"author":[{"embeddable":true,"href":"https:\/\/www.caririemacao.com\/1\/wp-json\/wp\/v2\/users\/1"}],"replies":[{"embeddable":true,"href":"https:\/\/www.caririemacao.com\/1\/wp-json\/wp\/v2\/comments?post=74888"}],"version-history":[{"count":1,"href":"https:\/\/www.caririemacao.com\/1\/wp-json\/wp\/v2\/posts\/74888\/revisions"}],"predecessor-version":[{"id":74889,"href":"https:\/\/www.caririemacao.com\/1\/wp-json\/wp\/v2\/posts\/74888\/revisions\/74889"}],"wp:featuredmedia":[{"embeddable":true,"href":"https:\/\/www.caririemacao.com\/1\/wp-json\/wp\/v2\/media\/23679"}],"wp:attachment":[{"href":"https:\/\/www.caririemacao.com\/1\/wp-json\/wp\/v2\/media?parent=74888"}],"wp:term":[{"taxonomy":"category","embeddable":true,"href":"https:\/\/www.caririemacao.com\/1\/wp-json\/wp\/v2\/categories?post=74888"},{"taxonomy":"post_tag","embeddable":true,"href":"https:\/\/www.caririemacao.com\/1\/wp-json\/wp\/v2\/tags?post=74888"}],"curies":[{"name":"wp","href":"https:\/\/api.w.org\/{rel}","templated":true}]}}