{"id":74890,"date":"2018-11-30T14:13:59","date_gmt":"2018-11-30T17:13:59","guid":{"rendered":"http:\/\/www.caririemacao.com\/1\/?p=74890"},"modified":"2018-11-30T14:13:59","modified_gmt":"2018-11-30T17:13:59","slug":"coletivo-de-organizacoes-lanca-manual-de-defesa-contra-a-censura-nas-escolas","status":"publish","type":"post","link":"https:\/\/www.caririemacao.com\/1\/2018\/11\/30\/coletivo-de-organizacoes-lanca-manual-de-defesa-contra-a-censura-nas-escolas\/","title":{"rendered":"Coletivo de organiza\u00e7\u00f5es lan\u00e7a manual de defesa contra a censura nas escolas"},"content":{"rendered":"<div>Para fazer enfrentamento \u00e0s recentes tentativas de cerceamento da liberdade de ensino, um conjunto de 60 entidades &#8211; entre organiza\u00e7\u00f5es da sociedade civil, confedera\u00e7\u00f5es de trabalhadoras e trabalhadores da educa\u00e7\u00e3o, institui\u00e7\u00f5es cient\u00edficas, educadores, pesquisadores e ativistas &#8211; lan\u00e7ou na \u00faltima ter\u00e7a-feira (27\/11) o\u00a0<a href=\"http:\/\/pfdc.pgr.mpf.mp.br\/atuacao-e-conteudos-de-apoio\/publicacoes\/educacao\/manual-de-defesa-contra-a-censura-nas-escolas\" target=\"_blank\" rel=\"noopener noreferrer\">Manual de defesa contra a censura nas escolas<\/a>.<\/div>\n<div>\n<p>A publica\u00e7\u00e3o, que conta com o apoio da Procuradoria Federal dos Direitos do Cidad\u00e3o (PFDC), \u00f3rg\u00e3o do Minist\u00e9rio P\u00fablico Federal (MPF), re\u00fane estrat\u00e9gias pol\u00edtico-pedag\u00f3gicas e jur\u00eddicas para que os professores e demais profissionais do ensino possam exercer suas fun\u00e7\u00f5es de maneira aut\u00f4noma, com base nos princ\u00edpios expressos na Constitui\u00e7\u00e3o Federal e na Lei de Diretrizes e Bases (LDB).<\/p>\n<\/div>\n<div>\n<p>Dirigido tamb\u00e9m a estudantes e suas fam\u00edlias, o documento visa, ainda, colocar em discuss\u00e3o as situa\u00e7\u00f5es que t\u00eam gerado o acirramento do problema, de modo a incentivar um debate plural sob a perspectiva do pleno desenvolvimento da pessoa; da liberdade de aprender, ensinar, pesquisar e divulgar o saber; do pluralismo de concep\u00e7\u00f5es pedag\u00f3gicas e da valoriza\u00e7\u00e3o dos profissionais da educa\u00e7\u00e3o.<\/p>\n<\/div>\n<div>\n<p>Reconhecendo a necessidade da gest\u00e3o democr\u00e1tica do ensino, o manual destaca a import\u00e2ncia da participa\u00e7\u00e3o das fam\u00edlias nesse processo, mas com o alerta de que ela n\u00e3o deve limitar o direito constitucional a uma educa\u00e7\u00e3o cr\u00edtica, que contemple as in\u00fameras vis\u00f5es de mundo e que estimule a conviv\u00eancia em uma sociedade cada vez mais complexa. Da mesma forma, defende que os poderes do Estado (Legislativo, Executivo e Judici\u00e1rio) ou seus \u00f3rg\u00e3os n\u00e3o podem estimular a censura. &#8220;Portanto, t\u00e3o importante quanto ouvir as inquieta\u00e7\u00f5es de fam\u00edlias e estudantes \u00e9 afirmar o dever de escolas, profissionais de educa\u00e7\u00e3o e secretarias de educa\u00e7\u00e3o em promover um ambiente democr\u00e1tico que resguarde a liberdade acad\u00eamica e o pluralismo de concep\u00e7\u00f5es em um contexto de valoriza\u00e7\u00e3o profissional docente&#8221;, afirmam os autores.<\/p>\n<\/div>\n<div>\n<p>Na medida em que apresentam onze casos, os autores buscam detalhar ao m\u00e1ximo cada situa\u00e7\u00e3o, bem como as medidas utilizadas e seus respectivos desdobramentos, permitindo a reflex\u00e3o sobre os principais desafios que cercam o tema.<\/p>\n<\/div>\n<div>\n<p>Tamb\u00e9m \u00e9 poss\u00edvel obter, ao final da publica\u00e7\u00e3o, informa\u00e7\u00f5es referentes aos canais de atendimento e institui\u00e7\u00f5es parceiras em todos os estados brasileiros, como sindicatos e federa\u00e7\u00f5es, assim como as Procuradorias Regionais dos Direitos do Cidad\u00e3o, as Defensorias P\u00fablicas estaduais e unidades do Minist\u00e9rio P\u00fablico Federal em todas as regi\u00f5es do pa\u00eds.<\/p>\n<\/div>\n<div>\n<p><strong>Julgamento<\/strong><\/p>\n<p>Concomitantemente ao lan\u00e7amento do Manual de defesa contra a censura nas escolas, o coletivo encaminhou ao presidente do Supremo Tribunal Federal (STF), ministro Dias Toffoli, um <a href=\"http:\/\/acaoeducativa.org.br\/blog\/2018\/11\/27\/entidades-ligadas-a-educacao-e-aos-direitos-humanos-lancam-manual-de-defesa-contra-a-censura-nas-escolas\/\" target=\"_blank\" rel=\"noopener noreferrer\">apelo<\/a> para que n\u00e3o seja retirado da pauta o julgamento das A\u00e7\u00f5es Diretas de Inconstitucionalidade n\u00ba 5537, 5580 e 6038, que tratam da lei estadual de Alagoas vinculada ao &#8220;Escola Sem Partido&#8221;. No documento, os signat\u00e1rios chamam a aten\u00e7\u00e3o para a responsabilidade de posicionamento do STF frente ao autoritarismo que ataca frontalmente cl\u00e1usulas p\u00e9treas da Constitui\u00e7\u00e3o brasileira no tocante \u00e0s liberdades de express\u00e3o, ensino e aprendizagem.<\/p>\n<\/div>\n<p class=\"noticia_fonte\">PRPB-Ascom<\/p>\n","protected":false},"excerpt":{"rendered":"<p>Para fazer enfrentamento \u00e0s recentes tentativas de cerceamento da liberdade de ensino, um conjunto de 60 entidades &#8211; entre organiza\u00e7\u00f5es da sociedade civil, confedera\u00e7\u00f5es de&hellip; <\/p>\n","protected":false},"author":1,"featured_media":74891,"comment_status":"closed","ping_status":"closed","sticky":false,"template":"","format":"standard","meta":{"sfsi_plus_gutenberg_text_before_share":"","sfsi_plus_gutenberg_show_text_before_share":"","sfsi_plus_gutenberg_icon_type":"","sfsi_plus_gutenberg_icon_alignemt":"","sfsi_plus_gutenburg_max_per_row":"","footnotes":""},"categories":[14],"tags":[],"class_list":["post-74890","post","type-post","status-publish","format-standard","has-post-thumbnail","hentry","category-educacao"],"_links":{"self":[{"href":"https:\/\/www.caririemacao.com\/1\/wp-json\/wp\/v2\/posts\/74890","targetHints":{"allow":["GET"]}}],"collection":[{"href":"https:\/\/www.caririemacao.com\/1\/wp-json\/wp\/v2\/posts"}],"about":[{"href":"https:\/\/www.caririemacao.com\/1\/wp-json\/wp\/v2\/types\/post"}],"author":[{"embeddable":true,"href":"https:\/\/www.caririemacao.com\/1\/wp-json\/wp\/v2\/users\/1"}],"replies":[{"embeddable":true,"href":"https:\/\/www.caririemacao.com\/1\/wp-json\/wp\/v2\/comments?post=74890"}],"version-history":[{"count":1,"href":"https:\/\/www.caririemacao.com\/1\/wp-json\/wp\/v2\/posts\/74890\/revisions"}],"predecessor-version":[{"id":74892,"href":"https:\/\/www.caririemacao.com\/1\/wp-json\/wp\/v2\/posts\/74890\/revisions\/74892"}],"wp:featuredmedia":[{"embeddable":true,"href":"https:\/\/www.caririemacao.com\/1\/wp-json\/wp\/v2\/media\/74891"}],"wp:attachment":[{"href":"https:\/\/www.caririemacao.com\/1\/wp-json\/wp\/v2\/media?parent=74890"}],"wp:term":[{"taxonomy":"category","embeddable":true,"href":"https:\/\/www.caririemacao.com\/1\/wp-json\/wp\/v2\/categories?post=74890"},{"taxonomy":"post_tag","embeddable":true,"href":"https:\/\/www.caririemacao.com\/1\/wp-json\/wp\/v2\/tags?post=74890"}],"curies":[{"name":"wp","href":"https:\/\/api.w.org\/{rel}","templated":true}]}}