{"id":74897,"date":"2018-11-30T14:20:42","date_gmt":"2018-11-30T17:20:42","guid":{"rendered":"http:\/\/www.caririemacao.com\/1\/?p=74897"},"modified":"2018-11-30T14:20:42","modified_gmt":"2018-11-30T17:20:42","slug":"decisao-do-brasil-de-nao-sediar-conferencia-do-clima-causa-mal-estar-diplomatico","status":"publish","type":"post","link":"https:\/\/www.caririemacao.com\/1\/2018\/11\/30\/decisao-do-brasil-de-nao-sediar-conferencia-do-clima-causa-mal-estar-diplomatico\/","title":{"rendered":"Decis\u00e3o do Brasil de n\u00e3o sediar Confer\u00eancia do Clima causa mal-estar diplom\u00e1tico"},"content":{"rendered":"<p>A decis\u00e3o do Brasil de n\u00e3o sediar a Confer\u00eancia do Clima (COP) em 2019 criou um mal-estar diplom\u00e1tico e obrigou a Organiza\u00e7\u00e3o das Na\u00e7\u00f5es Unidas (ONU) a se apressar para procurar um novo pa\u00eds disposto a receber o evento.<\/p>\n<figure class=\"photo photo-embed no-gutter col-sm-24  crop-615x300 limit-crop  figure\" data-format=\"horizontal\">\n<div class=\"image bg\">\n<div class=\"placeholder\">\n<div class=\"pinit-wraper\">\n<div class=\"pinit-wraper\"><img fetchpriority=\"high\" decoding=\"async\" class=\"pinit-img loaded\" src=\"https:\/\/conteudo.imguol.com.br\/c\/noticias\/68\/2015\/11\/10\/10nov2015--uma-arte-mostra-um-globo-terrestre-esvaziando-esta-exposta-em-paris-na-franca-onde-acontecera-a-21-conferencia-do-clima-das-nacoes-unidas-cop-21-a-obra-faz-referencia-ao-1447201912147_615x300.jpg\" alt=\"Joel Saget\/ AFP\" width=\"615\" height=\"300\" data-src=\"https:\/\/conteudo.imguol.com.br\/c\/noticias\/68\/2015\/11\/10\/10nov2015--uma-arte-mostra-um-globo-terrestre-esvaziando-esta-exposta-em-paris-na-franca-onde-acontecera-a-21-conferencia-do-clima-das-nacoes-unidas-cop-21-a-obra-faz-referencia-ao-1447201912147_615x300.jpg\" data-crop=\"{&quot;xs&quot;:&quot;615x300&quot;}\" data-crazyload=\"loaded\" \/><\/div>\n<\/div>\n<\/div>\n<\/div><figcaption class=\"container bottom-title\">Arquivo -Uma arte mostra um globo terrestre esvaziando est\u00e1 exposta em Paris, na Fran\u00e7aImagem: Joel Saget\/ AFP<\/figcaption><\/figure>\n<p>Costurado ao longo do ano, o acordo que previa que o Brasil sediasse a COP-25 seria anunciado na COP-24, na Pol\u00f4nia, onde estar\u00e3o 50 chefes de Estado. A confer\u00eancia \u00e9 realizada de forma alternada nos continentes e em 2019 ser\u00e1 na Am\u00e9rica Latina.<\/p>\n<p>O presidente Michel Temer havia se mostrado interessado em acolher o evento em 2017, em Bonn. Na \u00e9poca, o ministro do Meio Ambiente, Sarney Filho, disse que o fato seria um &#8220;marco&#8221; no caminho at\u00e9 a implementa\u00e7\u00e3o do Acordo de Paris. Como o Brasil havia conseguido apoio dos outros pa\u00edses, a ONU n\u00e3o tem plano B.<\/p>\n<p>Agora, a entidade corre para encontrar uma solu\u00e7\u00e3o, enquanto governos estrangeiros criticam, nos bastidores, a postura do Brasil. Apesar de o Itamaraty ter alegado raz\u00f5es financeiras e de transi\u00e7\u00e3o de governo, representantes da ONU ouvidos pelo reportagem n\u00e3o acreditam nos argumentos. O presidente eleito, Jair Bolsonaro (PSL), admitiu nesta quarta-feira, 28, que teve participa\u00e7\u00e3o na decis\u00e3o.<\/p>\n<p>Em condi\u00e7\u00e3o de anonimato, um membro do alto escal\u00e3o da entidade afirmou que a decis\u00e3o \u00e9 um sinal do que dever\u00e1 ser a pol\u00edtica de meio ambiente do novo governo brasileiro. Ele destacou que o Brasil \u00e9 reconhecido por manter os compromissos assumidos e que a medida \u00e9 uma quebra dessa postura.<\/p>\n<p>Oficialmente, a ONU adotou um tom t\u00e9cnico. &#8220;Sediar a COP \u00e9 um compromisso log\u00edstico e financeiro significativo&#8221;, disse o vice-secret\u00e1rio executivo da entidade, Ovais Sarmad. &#8220;A oportunidade de servir de sede respeita uma rota\u00e7\u00e3o entre os cinco grupos regionais. \u00c9 a vez do Grupo da Am\u00e9rica Latina e Caribe (Grulac) de sediar a confer\u00eancia em 2019&#8221;, disse. As informa\u00e7\u00f5es s\u00e3o do jornal <strong>O Estado de S. Paulo.<\/strong><\/p>\n<p class=\"noticia_fonte\">Estad\u00e3o<\/p>\n","protected":false},"excerpt":{"rendered":"<p>A decis\u00e3o do Brasil de n\u00e3o sediar a Confer\u00eancia do Clima (COP) em 2019 criou um mal-estar diplom\u00e1tico e obrigou a Organiza\u00e7\u00e3o das Na\u00e7\u00f5es Unidas&hellip; <\/p>\n","protected":false},"author":1,"featured_media":74898,"comment_status":"closed","ping_status":"closed","sticky":false,"template":"","format":"standard","meta":{"sfsi_plus_gutenberg_text_before_share":"","sfsi_plus_gutenberg_show_text_before_share":"","sfsi_plus_gutenberg_icon_type":"","sfsi_plus_gutenberg_icon_alignemt":"","sfsi_plus_gutenburg_max_per_row":"","footnotes":""},"categories":[11],"tags":[],"class_list":["post-74897","post","type-post","status-publish","format-standard","has-post-thumbnail","hentry","category-politica"],"_links":{"self":[{"href":"https:\/\/www.caririemacao.com\/1\/wp-json\/wp\/v2\/posts\/74897","targetHints":{"allow":["GET"]}}],"collection":[{"href":"https:\/\/www.caririemacao.com\/1\/wp-json\/wp\/v2\/posts"}],"about":[{"href":"https:\/\/www.caririemacao.com\/1\/wp-json\/wp\/v2\/types\/post"}],"author":[{"embeddable":true,"href":"https:\/\/www.caririemacao.com\/1\/wp-json\/wp\/v2\/users\/1"}],"replies":[{"embeddable":true,"href":"https:\/\/www.caririemacao.com\/1\/wp-json\/wp\/v2\/comments?post=74897"}],"version-history":[{"count":1,"href":"https:\/\/www.caririemacao.com\/1\/wp-json\/wp\/v2\/posts\/74897\/revisions"}],"predecessor-version":[{"id":74899,"href":"https:\/\/www.caririemacao.com\/1\/wp-json\/wp\/v2\/posts\/74897\/revisions\/74899"}],"wp:featuredmedia":[{"embeddable":true,"href":"https:\/\/www.caririemacao.com\/1\/wp-json\/wp\/v2\/media\/74898"}],"wp:attachment":[{"href":"https:\/\/www.caririemacao.com\/1\/wp-json\/wp\/v2\/media?parent=74897"}],"wp:term":[{"taxonomy":"category","embeddable":true,"href":"https:\/\/www.caririemacao.com\/1\/wp-json\/wp\/v2\/categories?post=74897"},{"taxonomy":"post_tag","embeddable":true,"href":"https:\/\/www.caririemacao.com\/1\/wp-json\/wp\/v2\/tags?post=74897"}],"curies":[{"name":"wp","href":"https:\/\/api.w.org\/{rel}","templated":true}]}}