{"id":74900,"date":"2018-11-30T14:25:16","date_gmt":"2018-11-30T17:25:16","guid":{"rendered":"http:\/\/www.caririemacao.com\/1\/?p=74900"},"modified":"2018-11-30T14:25:16","modified_gmt":"2018-11-30T17:25:16","slug":"policia-descobre-plano-do-pcc-para-assassinar-ex-secretario-da-seguranca","status":"publish","type":"post","link":"https:\/\/www.caririemacao.com\/1\/2018\/11\/30\/policia-descobre-plano-do-pcc-para-assassinar-ex-secretario-da-seguranca\/","title":{"rendered":"Pol\u00edcia descobre plano do PCC para assassinar ex-secret\u00e1rio da Seguran\u00e7a"},"content":{"rendered":"<p>A c\u00fapula do Primeiro Comando da Capital (PCC) planeja assassinar o ex-secret\u00e1rio da seguran\u00e7a P\u00fablica Antonio Ferreira Pinto para amea\u00e7ar o governo de S\u00e3o Paulo, com o objetivo de impedir a transfer\u00eancia de l\u00edderes da fac\u00e7\u00e3o criminosa de penitenci\u00e1rias estaduais para o sistema prisional federal.<\/p>\n<p>O plano para matar o ex-secret\u00e1rio foi descoberto h\u00e1 cerca de 20 dias quando comunica\u00e7\u00f5es entre integrantes da organiza\u00e7\u00e3o foram detectadas pela Pol\u00edcia Militar. Desde ent\u00e3o, Ferreira Pinto est\u00e1 sob prote\u00e7\u00e3o policial. Procurador de Justi\u00e7a, ele havia dirigido a secretaria entre 2009 e 2012 &#8211; antes foi secret\u00e1rio da Administra\u00e7\u00e3o Penitenci\u00e1ria de 2006 a 2009.<\/p>\n<p>A Seguran\u00e7a P\u00fablica n\u00e3o revelou quantos homens est\u00e3o fazendo a prote\u00e7\u00e3o do secret\u00e1rio. Tamb\u00e9m n\u00e3o informou se outras autoridades est\u00e3o sob a mira da fac\u00e7\u00e3o. A escolha de Ferreira Pinto como alvo \u00e9 simb\u00f3lica.<\/p>\n<div id=\"_dynad_c_I5550002145_1543582156374661458613\">Foi ele quem decidiu pela primeira vez enviar ao sistema prisional federal l\u00edderes da fac\u00e7\u00e3o envolvidos em assassinatos de agentes p\u00fablicos em S\u00e3o Paulo.<\/div>\n<p>Para l\u00e1 foram Roberto Soriano, o Tiri\u00e7a, e Francisco Ant\u00f4nio Ces\u00e1rio da Silva, o Piau\u00ed. Em 2016, foi a vez de o Estado mandar para o sistema federal outro l\u00edder do grupo: Abel Pacheco de Andrade, o Vida Loka, sob a acusa\u00e7\u00e3o de ele ter ordenado a rebeli\u00e3o no Centro de Deten\u00e7\u00e3o de S\u00e3o Jos\u00e9 dos Campos.<\/p>\n<p>Na semana passada, parte do segundo escal\u00e3o do PCC teve a transfer\u00eancia a pris\u00f5es federais deferida pela Justi\u00e7a com base em dados da Opera\u00e7\u00e3o Echelon, em que o Minist\u00e9rio P\u00fablico Estadual investigou a atua\u00e7\u00e3o da chamada Sintonia dos Estados e outros pa\u00edses, setor respons\u00e1vel pelo controle da fac\u00e7\u00e3o fora de S\u00e3o Paulo. O grupo era acusado de ordenar dezenas de homic\u00eddios de bandidos rivais e atentados contra agentes penitenci\u00e1rios federais.<\/p>\n<p>Outro pedido de transfer\u00eancia da c\u00fapula da fac\u00e7\u00e3o est\u00e1 sendo preparado pelo Minist\u00e9rio p\u00fablico Estadual, que quer mandar o l\u00edder m\u00e1ximo do PCC, Marco Willians Herbas Camacho, o Marcola, para o sistema federal. Nas unidades mantidas pela Uni\u00e3o, de seguran\u00e7a m\u00e1xima, est\u00e3o os chefes das demais fac\u00e7\u00f5es do Pa\u00eds &#8211; a \u00fanica exce\u00e7\u00e3o \u00e9 Marcola. A decis\u00e3o de mand\u00e1-lo ao sistema federal enfrenta resist\u00eancia dentro do governo do Estado. A atual gest\u00e3o da Seguran\u00e7a P\u00fablica acredita poder controlar melhor a fac\u00e7\u00e3o se a c\u00fapula do PCC continuar no sistema prisional paulista.<\/p>\n<h3><strong>Planos<\/strong><\/h3>\n<p>O atentado contra Ferreira Pinto n\u00e3o \u00e9 o primeiro plano terrorista que estava sendo preparado pela fac\u00e7\u00e3o e foi descoberto pela pol\u00edcia este ano. Antes do 1.\u00ba turno das elei\u00e7\u00f5es, a Pol\u00edcia Federal havia interceptado comunica\u00e7\u00f5es da c\u00fapula do PCC. As grava\u00e7\u00f5es mostravam que os bandidos planejavam a\u00e7\u00f5es contra autoridades, \u00f3rg\u00e3os p\u00fablicos e integrantes do sistema penitenci\u00e1rio federal. O motivo era a suspens\u00e3o de visitas \u00edntimas de membros das organiza\u00e7\u00f5es criminosas detidos nas penitenci\u00e1rias federais.<\/p>\n<p>Depois, no in\u00edcio de outubro, nova amea\u00e7a foi descoberta: o plano de resgate de parte da c\u00fapula da fac\u00e7\u00e3o, detida na Penitenci\u00e1ria 2 de Presidente Venceslau, na regi\u00e3o oeste de S\u00e3o Paulo. \u00c9 l\u00e1 que est\u00e1 presa a c\u00fapula do PCC. Temendo endurecimento no tratamento ap\u00f3s a posse do presidente eleito, Jair Bolsonaro, os bandidos teriam contratado mercen\u00e1rios para atacar a pris\u00e3o e retirar Marcola de l\u00e1. O grupo usaria um avi\u00e3o para levar o bandido ao exterior, provavelmente a Bol\u00edvia.<\/p>\n<p>Para impedir isso a Seguran\u00e7a P\u00fablica fechou a pista do aeroporto de Presidente Venceslau e enviou \u00e0 cidade homens das Rondas Ostensivas Tobias de Aguiar (Rota) e do Comando de Opera\u00e7\u00f5es Especiais (COE). Especialistas em salvamento em selvas e em luta antiguerrilha, homens do COE levaram metralhadoras MAG, de calibre 7,62 mm, para proteger o per\u00edmetro da pris\u00e3o, al\u00e9m de blindados da tropa de choque. No come\u00e7o do m\u00eas, a Rota detectou o sobrevoo de um drone na \u00e1rea e o perseguiu. A pris\u00e3o continua cercada pela tropa de choque. As informa\u00e7\u00f5es s\u00e3o do jornal <strong>O Estado de S. Paulo.<\/strong><\/p>\n<p class=\"noticia_fonte\">UOL<\/p>\n","protected":false},"excerpt":{"rendered":"<p>A c\u00fapula do Primeiro Comando da Capital (PCC) planeja assassinar o ex-secret\u00e1rio da seguran\u00e7a P\u00fablica Antonio Ferreira Pinto para amea\u00e7ar o governo de S\u00e3o Paulo,&hellip; <\/p>\n","protected":false},"author":1,"featured_media":74901,"comment_status":"closed","ping_status":"closed","sticky":false,"template":"","format":"standard","meta":{"sfsi_plus_gutenberg_text_before_share":"","sfsi_plus_gutenberg_show_text_before_share":"","sfsi_plus_gutenberg_icon_type":"","sfsi_plus_gutenberg_icon_alignemt":"","sfsi_plus_gutenburg_max_per_row":"","footnotes":""},"categories":[12],"tags":[],"class_list":["post-74900","post","type-post","status-publish","format-standard","has-post-thumbnail","hentry","category-policia"],"_links":{"self":[{"href":"https:\/\/www.caririemacao.com\/1\/wp-json\/wp\/v2\/posts\/74900","targetHints":{"allow":["GET"]}}],"collection":[{"href":"https:\/\/www.caririemacao.com\/1\/wp-json\/wp\/v2\/posts"}],"about":[{"href":"https:\/\/www.caririemacao.com\/1\/wp-json\/wp\/v2\/types\/post"}],"author":[{"embeddable":true,"href":"https:\/\/www.caririemacao.com\/1\/wp-json\/wp\/v2\/users\/1"}],"replies":[{"embeddable":true,"href":"https:\/\/www.caririemacao.com\/1\/wp-json\/wp\/v2\/comments?post=74900"}],"version-history":[{"count":1,"href":"https:\/\/www.caririemacao.com\/1\/wp-json\/wp\/v2\/posts\/74900\/revisions"}],"predecessor-version":[{"id":74902,"href":"https:\/\/www.caririemacao.com\/1\/wp-json\/wp\/v2\/posts\/74900\/revisions\/74902"}],"wp:featuredmedia":[{"embeddable":true,"href":"https:\/\/www.caririemacao.com\/1\/wp-json\/wp\/v2\/media\/74901"}],"wp:attachment":[{"href":"https:\/\/www.caririemacao.com\/1\/wp-json\/wp\/v2\/media?parent=74900"}],"wp:term":[{"taxonomy":"category","embeddable":true,"href":"https:\/\/www.caririemacao.com\/1\/wp-json\/wp\/v2\/categories?post=74900"},{"taxonomy":"post_tag","embeddable":true,"href":"https:\/\/www.caririemacao.com\/1\/wp-json\/wp\/v2\/tags?post=74900"}],"curies":[{"name":"wp","href":"https:\/\/api.w.org\/{rel}","templated":true}]}}