{"id":74903,"date":"2018-11-30T14:32:34","date_gmt":"2018-11-30T17:32:34","guid":{"rendered":"http:\/\/www.caririemacao.com\/1\/?p=74903"},"modified":"2018-11-30T14:32:34","modified_gmt":"2018-11-30T17:32:34","slug":"bolsonaro-diz-que-nao-fara-acordos-que-prejudiquem-agronegocio","status":"publish","type":"post","link":"https:\/\/www.caririemacao.com\/1\/2018\/11\/30\/bolsonaro-diz-que-nao-fara-acordos-que-prejudiquem-agronegocio\/","title":{"rendered":"Bolsonaro diz que n\u00e3o far\u00e1 acordos que prejudiquem agroneg\u00f3cio"},"content":{"rendered":"<p>O presidente eleito, Jair Bolsonaro, disse\u00a0<span id=\"OBJ_PREFIX_DWT3211_com_zimbra_date\" role=\"link\">hoje<\/span>\u00a0(30) que n\u00e3o pretende assumir compromissos ambientais que impactem o agroneg\u00f3cio brasileiro. A resposta foi uma rea\u00e7\u00e3o \u00e0s declara\u00e7\u00f5es do presidente franc\u00eas, Emmanuel Macron, que condicionou o avan\u00e7o das negocia\u00e7\u00f5es entre a Uni\u00e3o Europeia (UE) e o Mercosul \u00e0\u00a0posi\u00e7\u00e3o do governo eleito sobre o Acordo Clim\u00e1tico de Paris.<\/p>\n<p>\u201cO Macron est\u00e1 defendendo a Fran\u00e7a. Esse acordo Mercosul com a Uni\u00e3o Europeia atinge interesses da Fran\u00e7a, um pa\u00eds voltado tamb\u00e9m para o agroneg\u00f3cio. A partir do momento que querem diminuir a quantidade de export\u00e1veis nossos, essas <em>commodities<\/em>, logicamente que n\u00e3o podem contar com o nosso apoio. Mas n\u00e3o \u00e9 um n\u00e3o em definitivo, n\u00f3s vamos negociar\u201d, ressaltou Bolsonaro, ap\u00f3s participar da cerim\u00f4nia de formatura de sargentos da For\u00e7a A\u00e9rea em Guaratinguet\u00e1, interior paulista.<\/p>\n<div class=\"dnd-widget-wrapper context-cheio_8colunas type-image\">\n<div class=\"dnd-atom-rendered\"><!-- scald=127934:cheio_8colunas --><\/p>\n<figure class=\"mejs-fotoh-wrapper\"><img decoding=\"async\" class=\"img-responsive full full lazyload\" title=\"Rovena Rosa\/Ag\u00eancia Brasil\" data-src=\"http:\/\/imagens.ebc.com.br\/pgFCQgPxcRnRF_CkPXW-OAeJuSY=\/754x0\/smart\/http:\/\/agenciabrasil.ebc.com.br\/sites\/default\/files\/thumbnails\/image\/edit_rvrsa_abr_3011187959.jpg?itok=nwAYyA82\" alt=\"O presidente eleito, Jair Bolsonaro, participa na cidade de Guaratinguet\u00e1, no Vale do Para\u00edba, em S\u00e3o Paulo, da formatura de sargentos da Aeron\u00e1utica na Escola de Especialistas da Aeron\u00e1utica (EEAR) \" src=\"data:image\/svg+xml;base64,PHN2ZyB3aWR0aD0iMSIgaGVpZ2h0PSIxIiB4bWxucz0iaHR0cDovL3d3dy53My5vcmcvMjAwMC9zdmciPjwvc3ZnPg==\" \/><\/figure>\n<p><!-- END scald=127934 --><\/div>\n<div class=\"dnd-caption-wrapper\">\n<div class=\"meta\"><!--copyright=127934-->O presidente eleito, Jair Bolsonaro, participa na cidade de Guaratinguet\u00e1, no Vale do Para\u00edba, em S\u00e3o Paulo, da formatura de sargentos da Aeron\u00e1utica na Escola de Especialistas da Aeron\u00e1utica (EEAR) &#8211; <strong>Rovena Rosa\/Ag\u00eancia Brasil<\/strong><!--END copyright=127934--><\/div>\n<\/div>\n<\/div>\n<p>Macron disse\u00a0<span id=\"OBJ_PREFIX_DWT3212_com_zimbra_date\" role=\"link\">ontem<\/span>\u00a0(29)\u00a0que ir\u00e1 apoiar\u00a0a\u00a0parceria comercial\u00a0se ela n\u00e3o significar um desequil\u00edbrio nas condi\u00e7\u00f5es comerciais entre os pa\u00edses. \u201cN\u00e3o podemos pedir aos agricultores e trabalhadores franceses que mudem seus h\u00e1bitos de produ\u00e7\u00e3o para liderar a transi\u00e7\u00e3o ecol\u00f3gica e assinar acordos comerciais com pa\u00edses que n\u00e3o fazem o mesmo. Queremos acordos equilibrados.&#8221;<\/p>\n<p>No Twitter, Bolsonaro j\u00e1 tinha postado uma mensagem afirmando que &#8220;est\u00e1 fora de cogita\u00e7\u00e3o&#8221; o pa\u00eds se sujeitar automaticamente a interesses de outras na\u00e7\u00f5es.\u00a0&#8220;Sujeitar automaticamente nosso territ\u00f3rio, leis e soberania a coloca\u00e7\u00f5es de outras na\u00e7\u00f5es est\u00e1 fora de cogita\u00e7\u00e3o. \u00c9 leg\u00edtimo que pa\u00edses no mundo defendam seus interesses e estaremos dispostos a dialogar sempre, mas defenderemos os interesses do Brasil e dos brasileiros&#8221;, disse em mensagem na rede social.<\/p>\n<h2>Negocia\u00e7\u00f5es<\/h2>\n<p>A Uni\u00e3o Europeia e o Mercosul (Brasil, Argentina, Paraguai e Uruguai &#8211; a Venezuela est\u00e1 temporariamente suspensa) negociam o acordo, h\u00e1 quase 20 anos, com base em tr\u00eas pilares: di\u00e1logo pol\u00edtico, coopera\u00e7\u00e3o e o livre-com\u00e9rcio.<\/p>\n<p>Bolsonaro disse que foi aconselhado pelo futuro ministro das Rela\u00e7\u00f5es Exteriores, Ernesto Ara\u00fajo, a\u00a0<span id=\"OBJ_PREFIX_DWT3213_com_zimbra_date\" role=\"link\">ter<\/span>\u00a0cautela nas negocia\u00e7\u00f5es. \u201cEle nos recomendou a\u00a0<span id=\"OBJ_PREFIX_DWT3214_com_zimbra_date\" role=\"link\">ter<\/span>\u00a0um pouco mais de prud\u00eancia para que o Brasil n\u00e3o perca mercado a\u00ed fora\u201d, acrescentou.<\/p>\n<p>O presidente eleito ressaltou que pretende fazer mudan\u00e7as na pol\u00edtica ambiental para evitar preju\u00edzos aos produtores. \u201cO que n\u00f3s queremos \u00e9 uma pol\u00edtica ambiental para preservar o meio ambiente, mas n\u00e3o de forma xiita como \u00e9 feito atualmente. Vamos acabar com a ind\u00fastria da multa nesse setor.\u201d<\/p>\n<h2>Indulto<\/h2>\n<p>Bolsonaro reiterou\u00a0<span id=\"OBJ_PREFIX_DWT3215_com_zimbra_date\" role=\"link\">hoje<\/span>\u00a0que n\u00e3o pretende conceder indulto natalino a condenados por crimes de menor potencial ofensivo.<\/p>\n<p>\u201cN\u00e3o \u00e9 apenas a quest\u00e3o de corrup\u00e7\u00e3o, qualquer criminoso tem que cumprir a sua pena de forma integral. \u00c9 essa nossa pol\u00edtica que eu acertei com o [juiz federal] Sergio Moro [confirmado para o Minist\u00e9rio da Justi\u00e7a]. Se n\u00e3o houve puni\u00e7\u00e3o ou a puni\u00e7\u00e3o for extremamente branda, \u00e9 um convite a criminalidade.\u201d<\/p>\n<p>O texto, geralmente preparado pelo Minist\u00e9rio da Justi\u00e7a, \u00e9 assinado anualmente, em dezembro, pelo presidente da Rep\u00fablica. O indulto de\u00a0<span id=\"OBJ_PREFIX_DWT3216_com_zimbra_date\" role=\"link\">Natal<\/span>\u00a0considera, em geral, raz\u00f5es humanit\u00e1rias. Est\u00e1 previsto na Constitui\u00e7\u00e3o, mas n\u00e3o \u00e9 obrigat\u00f3rio.<\/p>\n<p><span id=\"OBJ_PREFIX_DWT3217_com_zimbra_date\" role=\"link\">Ontem<\/span>\u00a0(29), a maioria dos ministros do Supremo Tribunal Federal (STF) votou a favor da validade do decreto de indulto natalino editado pelo presidente Michel Temer no ano passado. No entanto, o julgamento foi suspenso por pedidos de vista dos ministros Dias Tofffoli e Lux Fux.<\/p>\n<p>&nbsp;<\/p>\n<p>Ag\u00eancia Brasil<\/p>\n","protected":false},"excerpt":{"rendered":"<p>O presidente eleito, Jair Bolsonaro, disse\u00a0hoje\u00a0(30) que n\u00e3o pretende assumir compromissos ambientais que impactem o agroneg\u00f3cio brasileiro. A resposta foi uma rea\u00e7\u00e3o \u00e0s declara\u00e7\u00f5es do&hellip; <\/p>\n","protected":false},"author":1,"featured_media":57196,"comment_status":"closed","ping_status":"closed","sticky":false,"template":"","format":"standard","meta":{"sfsi_plus_gutenberg_text_before_share":"","sfsi_plus_gutenberg_show_text_before_share":"","sfsi_plus_gutenberg_icon_type":"","sfsi_plus_gutenberg_icon_alignemt":"","sfsi_plus_gutenburg_max_per_row":"","footnotes":""},"categories":[50,11],"tags":[],"class_list":["post-74903","post","type-post","status-publish","format-standard","has-post-thumbnail","hentry","category-destaque","category-politica"],"_links":{"self":[{"href":"https:\/\/www.caririemacao.com\/1\/wp-json\/wp\/v2\/posts\/74903","targetHints":{"allow":["GET"]}}],"collection":[{"href":"https:\/\/www.caririemacao.com\/1\/wp-json\/wp\/v2\/posts"}],"about":[{"href":"https:\/\/www.caririemacao.com\/1\/wp-json\/wp\/v2\/types\/post"}],"author":[{"embeddable":true,"href":"https:\/\/www.caririemacao.com\/1\/wp-json\/wp\/v2\/users\/1"}],"replies":[{"embeddable":true,"href":"https:\/\/www.caririemacao.com\/1\/wp-json\/wp\/v2\/comments?post=74903"}],"version-history":[{"count":1,"href":"https:\/\/www.caririemacao.com\/1\/wp-json\/wp\/v2\/posts\/74903\/revisions"}],"predecessor-version":[{"id":74904,"href":"https:\/\/www.caririemacao.com\/1\/wp-json\/wp\/v2\/posts\/74903\/revisions\/74904"}],"wp:featuredmedia":[{"embeddable":true,"href":"https:\/\/www.caririemacao.com\/1\/wp-json\/wp\/v2\/media\/57196"}],"wp:attachment":[{"href":"https:\/\/www.caririemacao.com\/1\/wp-json\/wp\/v2\/media?parent=74903"}],"wp:term":[{"taxonomy":"category","embeddable":true,"href":"https:\/\/www.caririemacao.com\/1\/wp-json\/wp\/v2\/categories?post=74903"},{"taxonomy":"post_tag","embeddable":true,"href":"https:\/\/www.caririemacao.com\/1\/wp-json\/wp\/v2\/tags?post=74903"}],"curies":[{"name":"wp","href":"https:\/\/api.w.org\/{rel}","templated":true}]}}