{"id":74905,"date":"2018-11-30T14:34:29","date_gmt":"2018-11-30T17:34:29","guid":{"rendered":"http:\/\/www.caririemacao.com\/1\/?p=74905"},"modified":"2018-11-30T14:34:29","modified_gmt":"2018-11-30T17:34:29","slug":"militares-comandarao-sete-areas-no-governo-de-bolsonaro","status":"publish","type":"post","link":"https:\/\/www.caririemacao.com\/1\/2018\/11\/30\/militares-comandarao-sete-areas-no-governo-de-bolsonaro\/","title":{"rendered":"Militares comandar\u00e3o sete \u00e1reas no governo de Bolsonaro"},"content":{"rendered":"<p>O almirante Bento Costa Lima Leite de Albuquerque J\u00fanior, anunciado\u00a0<span id=\"OBJ_PREFIX_DWT2311_com_zimbra_date\" role=\"link\"><span id=\"OBJ_PREFIX_DWT2318_com_zimbra_date\" role=\"link\">hoje<\/span><\/span>\u00a0(30) para o futuro comando do Minist\u00e9rio de Minas e Energia, \u00e9 o s\u00e9timo\u00a0nome militar\u00a0para equipe ministerial do presidente da Rep\u00fablica eleito, Jair Bolsonaro. At\u00e9 agora, 20 ministros j\u00e1 foram definidos por Bolsonaro. O pr\u00f3ximo governo dever\u00e1\u00a0<span id=\"OBJ_PREFIX_DWT2312_com_zimbra_date\" role=\"link\"><span id=\"OBJ_PREFIX_DWT2319_com_zimbra_date\" role=\"link\">ter<\/span><\/span>\u00a022 minist\u00e9rios, sete\u00a0a menos em rela\u00e7\u00e3o aos atuais.<span id=\"OBJ_PREFIX_DWT2313_com_zimbra_url\" role=\"link\"><span id=\"OBJ_PREFIX_DWT2320_com_zimbra_url\" role=\"link\"><\/span><\/span><\/p>\n<p>Bento Albuquerque \u00e9 o \u00fanico da Marinha. O Ex\u00e9rcito ser\u00e1 representado por tr\u00eas generais: Augusto Heleno Ribeiro Pereira, que assumir\u00e1 como ministro-chefe do Gabinete de Seguran\u00e7a Institucional (GSI);\u00a0Fernando Azevedo e Silva, na Defesa; e Carlos Alberto Santos Cruz, que vai ser secret\u00e1rio de Governo.<\/p>\n<div class=\"dnd-widget-wrapper context-cheio_8colunas type-image\">\n<div class=\"dnd-atom-rendered\"><!-- scald=127923:cheio_8colunas {\"additionalClasses\":\"\"} --><\/p>\n<figure class=\"mejs-fotoh-wrapper\"><img decoding=\"async\" class=\"img-responsive full full lazyload\" title=\"Ministerio da Defesa\/Divulga\u00e7\u00e3o\" data-src=\"http:\/\/imagens.ebc.com.br\/keSm15U--nLGU_roZiZp2HtWRqE=\/754x0\/smart\/http:\/\/agenciabrasil.ebc.com.br\/sites\/default\/files\/thumbnails\/image\/23319272690_8260e84124_o.jpg?itok=1Ri15AV_\" alt=\"2015-12-08 Ministro da Defesa Aldo Rebelo participa da transmiss\u00e3o de cargode Comandante-em-Chefe da Esquadra ao Vice-Alte. Bento Costa Lima Leite de Albuquerque J\u00fanior - Foto: Felipe Barra\" src=\"data:image\/svg+xml;base64,PHN2ZyB3aWR0aD0iMSIgaGVpZ2h0PSIxIiB4bWxucz0iaHR0cDovL3d3dy53My5vcmcvMjAwMC9zdmciPjwvc3ZnPg==\" \/><\/figure>\n<p><!-- END scald=127923 --><\/div>\n<div class=\"dnd-caption-wrapper\">\n<div class=\"meta\"><!--copyright=127923-->O almirante Bento Costa Lima Leite de Albuquerque J\u00fanior\u00a0\u00e9 o sexto nome de militar a compor o minist\u00e9rio de\u00a0Jair Bolsonaro &#8211;\u00a0<strong>Minist\u00e9rio da Defesa\/Divulga\u00e7\u00e3o<\/strong><!--END copyright=127923--><\/div>\n<\/div>\n<\/div>\n<p>A Aeron\u00e1utica ser\u00e1 representada pelo tenente-coronel Marcos Pontes, indicado para o Minist\u00e9rio de Ci\u00eancia e Tecnologia. Oficial da reserva, ficou conhecido por ter sido\u00a0o primeiro astronauta brasileiro,\u00a0enviado para o espa\u00e7o, em 2006, em uma parceria do governo brasileiro com a Nasa, a ag\u00eancia espacial norte-americana.<\/p>\n<h2>Forma\u00e7\u00e3o militar<\/h2>\n<p>Para o Minist\u00e9rio da Infraestrutura, foi confirmado Tarc\u00edsio Gomes de Freitas. Ele iniciou a carreira no Ex\u00e9rcito, mas acabou ingressando, por concurso, no quadro de auditores da Controladoria-Geral da Uni\u00e3o (CGU). \u00c9 formado em engenharia civil pelo Instituto Militar de Engenharia (IME) e atuou como engenheiro da Companhia de Engenharia Brasileira na Miss\u00e3o de Paz no Haiti.<\/p>\n<p>Gomes Freitas comandar\u00e1 os setores de transporte a\u00e9reo, terrestre e aquavi\u00e1rio, al\u00e9m dos projetos de melhoria da log\u00edstica do pa\u00eds. Ele \u00e9 ex-diretor executivo do Departamento Nacional de Infraestrutura Transporte (Dnit).<\/p>\n<p>H\u00e1 ainda o atual ministro da Transpar\u00eancia e Controladoria-Geral da Uni\u00e3o, Wagner Ros\u00e1rio, que j\u00e1 foi capit\u00e3o do Ex\u00e9rcito, e\u00a0permanecer\u00e1 no cargo no futuro governo.<\/p>\n<h2>Comandos<\/h2>\n<p>O general Fernando Azevedo e Silva, que assumir\u00e1 a Defesa, anunciou no \u00faltimo dia 21, os nomes dos pr\u00f3ximos comandantes das For\u00e7as Armadas.<\/p>\n<p>O novo comandante do Ex\u00e9rcito ser\u00e1 o general de Ex\u00e9rcito Edson Leal Pujol; o chefe da Marinha ser\u00e1 o\u00a0almirante de esquadra Ilques\u00a0Barbosa\u00a0J\u00fanior (atual chefe do Estado-Maior da Armada) e o da Aeron\u00e1utica, o tenente brigadeiro Ant\u00f4nio Carlos Moretti\u00a0Bermudez.<\/p>\n<p>Bolsonaro manteve a tradi\u00e7\u00e3o das For\u00e7as Armadas de escolher os oficiais mais antigos da ativa em suas for\u00e7as.<\/p>\n<p>&nbsp;<\/p>\n<p>Ag\u00eancia Brasil<\/p>\n","protected":false},"excerpt":{"rendered":"<p>O almirante Bento Costa Lima Leite de Albuquerque J\u00fanior, anunciado\u00a0hoje\u00a0(30) para o futuro comando do Minist\u00e9rio de Minas e Energia, \u00e9 o s\u00e9timo\u00a0nome militar\u00a0para equipe&hellip; <\/p>\n","protected":false},"author":1,"featured_media":74906,"comment_status":"closed","ping_status":"closed","sticky":false,"template":"","format":"standard","meta":{"sfsi_plus_gutenberg_text_before_share":"","sfsi_plus_gutenberg_show_text_before_share":"","sfsi_plus_gutenberg_icon_type":"","sfsi_plus_gutenberg_icon_alignemt":"","sfsi_plus_gutenburg_max_per_row":"","footnotes":""},"categories":[11],"tags":[],"class_list":["post-74905","post","type-post","status-publish","format-standard","has-post-thumbnail","hentry","category-politica"],"_links":{"self":[{"href":"https:\/\/www.caririemacao.com\/1\/wp-json\/wp\/v2\/posts\/74905","targetHints":{"allow":["GET"]}}],"collection":[{"href":"https:\/\/www.caririemacao.com\/1\/wp-json\/wp\/v2\/posts"}],"about":[{"href":"https:\/\/www.caririemacao.com\/1\/wp-json\/wp\/v2\/types\/post"}],"author":[{"embeddable":true,"href":"https:\/\/www.caririemacao.com\/1\/wp-json\/wp\/v2\/users\/1"}],"replies":[{"embeddable":true,"href":"https:\/\/www.caririemacao.com\/1\/wp-json\/wp\/v2\/comments?post=74905"}],"version-history":[{"count":1,"href":"https:\/\/www.caririemacao.com\/1\/wp-json\/wp\/v2\/posts\/74905\/revisions"}],"predecessor-version":[{"id":74907,"href":"https:\/\/www.caririemacao.com\/1\/wp-json\/wp\/v2\/posts\/74905\/revisions\/74907"}],"wp:featuredmedia":[{"embeddable":true,"href":"https:\/\/www.caririemacao.com\/1\/wp-json\/wp\/v2\/media\/74906"}],"wp:attachment":[{"href":"https:\/\/www.caririemacao.com\/1\/wp-json\/wp\/v2\/media?parent=74905"}],"wp:term":[{"taxonomy":"category","embeddable":true,"href":"https:\/\/www.caririemacao.com\/1\/wp-json\/wp\/v2\/categories?post=74905"},{"taxonomy":"post_tag","embeddable":true,"href":"https:\/\/www.caririemacao.com\/1\/wp-json\/wp\/v2\/tags?post=74905"}],"curies":[{"name":"wp","href":"https:\/\/api.w.org\/{rel}","templated":true}]}}