{"id":74908,"date":"2018-11-30T14:37:14","date_gmt":"2018-11-30T17:37:14","guid":{"rendered":"http:\/\/www.caririemacao.com\/1\/?p=74908"},"modified":"2018-11-30T14:37:14","modified_gmt":"2018-11-30T17:37:14","slug":"prazo-para-justificar-ausencia-no-segundo-turno-vai-ate-27-de-dezembro","status":"publish","type":"post","link":"https:\/\/www.caririemacao.com\/1\/2018\/11\/30\/prazo-para-justificar-ausencia-no-segundo-turno-vai-ate-27-de-dezembro\/","title":{"rendered":"Prazo para justificar aus\u00eancia no segundo turno vai at\u00e9 27 de dezembro"},"content":{"rendered":"<p>Os eleitores que n\u00e3o compareceram ao local de vota\u00e7\u00e3o neste domingo (28) e n\u00e3o justificaram a aus\u00eancia no segundo turno ainda podem regularizar a situa\u00e7\u00e3o eleitoral at\u00e9 dezembro. Os ausentes do primeiro turno, realizado em 7 de outubro, tem at\u00e9 de de dezembro para justificar por que n\u00e3o compareceram \u00e0 vota\u00e7\u00e3o. Para os que se ausentaram no segundo turno, o prazo vai at\u00e9 <span id=\"OBJ_PREFIX_DWT110_com_zimbra_date\" role=\"link\">27 de dezembro.<\/span><\/p>\n<div class=\"dnd-widget-wrapper context-cheio_8colunas type-image\">\n<div class=\"dnd-atom-rendered\"><!-- scald=125576:cheio_8colunas --><\/p>\n<figure class=\"mejs-fotoh-wrapper\"><\/figure>\n<p><!-- END scald=125576 --><\/div>\n<div class=\"dnd-caption-wrapper\">\n<div class=\"meta\"><!--copyright=125576-->Quem n\u00e3o justificou aus\u00eancia no 2\u00ba turno tem at\u00e9 27 de dezembro para regularizar situa\u00e7\u00e3o &#8211; <strong>Arquivo\/Ag\u00eancia Brasil<\/strong><!--END copyright=125576--><\/div>\n<\/div>\n<\/div>\n<p>A justificativa pode ser feita mediante o preenchimento de um requerimento dispon\u00edvel no <em>site<\/em> do Tribunal Superior Eleitoral (TSE), que deve ser entregue pessoalmente em qualquer cart\u00f3rio eleitoral ou enviado por via postal ao juiz da zona eleitoral na qual \u00e9 inscrito. Al\u00e9m do formul\u00e1rio, o eleitor deve entregar documenta\u00e7\u00e3o que comprove a impossibilidade de comparecimento na vota\u00e7\u00e3o.<\/p>\n<p>Pela internet, o eleitor pode justificar a aus\u00eancia usando o Sistema\u00a0Justifica nas p\u00e1ginas do TSE ou dos tribunais regionais. No formul\u00e1rio <em>online<\/em>, o eleitor deve informar seus dados pessoais, declarar o motivo da aus\u00eancia e anexar comprovante do impedimento para votar.<\/p>\n<p>O requerimento de justificativa gerar\u00e1 um c\u00f3digo de protocolo que permite ao eleitor acompanhar o processo at\u00e9 a decis\u00e3o final do juiz da zona eleitoral. A justificativa aceita ser\u00e1 registrada no hist\u00f3rico do eleitor no Cadastro Eleitoral.<\/p>\n<h2>Eleitores no exterior<\/h2>\n<p>Os brasileiros que estavam no exterior no dia da vota\u00e7\u00e3o tamb\u00e9m dever\u00e3o encaminhar o formul\u00e1rio de justificativa p\u00f3s-elei\u00e7\u00e3o e a documenta\u00e7\u00e3o comprobat\u00f3ria at\u00e9 60 dias ap\u00f3s o turno ou em 30 dias contados a partir da data de retorno ao Brasil.<\/p>\n<p>Se estiver inscrito em zona eleitoral do exterior, o eleitor dever\u00e1 encaminhar o requerimento diretamente ao juiz competente ou ainda entregar nas miss\u00f5es diplom\u00e1ticas e reparti\u00e7\u00f5es consulares localizadas no pa\u00eds ou enviar pelo\u00a0sistema\u00a0justifica.<\/p>\n<h2>Consequ\u00eancias<\/h2>\n<p>O Tribunal Superior Eleitoral explica que a n\u00e3o regulariza\u00e7\u00e3o da situa\u00e7\u00e3o com a Justi\u00e7a Eleitoral deve pagar multa (por cada turno). O valor \u00e9 definido pelo juiz eleitoral da regi\u00e3o e varia de R$ 3,5 a R$ 35,10. \u00a0O eleitor faltoso tamb\u00e9m pode sofrer outras san\u00e7\u00f5es, como impedimento para obter passaporte ou carteira de identidade para receber vencimentos, remunera\u00e7\u00e3o, sal\u00e1rio ou proventos de fun\u00e7\u00e3o ou emprego p\u00fablico.<\/p>\n<p>A n\u00e3o justificativa impede ainda que o eleitor participe de concorr\u00eancia ou administrativa da Uni\u00e3o, dos estados, Distrito Federal e munic\u00edpios, al\u00e9m de inscrever em concurso p\u00fablico ou tomar posse em cargo e fun\u00e7\u00e3o p\u00fablica.<\/p>\n<p>&nbsp;<\/p>\n<p>Ag\u00eancia Brasil<\/p>\n","protected":false},"excerpt":{"rendered":"<p>Os eleitores que n\u00e3o compareceram ao local de vota\u00e7\u00e3o neste domingo (28) e n\u00e3o justificaram a aus\u00eancia no segundo turno ainda podem regularizar a situa\u00e7\u00e3o&hellip; <\/p>\n","protected":false},"author":1,"featured_media":71433,"comment_status":"closed","ping_status":"closed","sticky":false,"template":"","format":"standard","meta":{"sfsi_plus_gutenberg_text_before_share":"","sfsi_plus_gutenberg_show_text_before_share":"","sfsi_plus_gutenberg_icon_type":"","sfsi_plus_gutenberg_icon_alignemt":"","sfsi_plus_gutenburg_max_per_row":"","footnotes":""},"categories":[50,11],"tags":[],"class_list":["post-74908","post","type-post","status-publish","format-standard","has-post-thumbnail","hentry","category-destaque","category-politica"],"_links":{"self":[{"href":"https:\/\/www.caririemacao.com\/1\/wp-json\/wp\/v2\/posts\/74908","targetHints":{"allow":["GET"]}}],"collection":[{"href":"https:\/\/www.caririemacao.com\/1\/wp-json\/wp\/v2\/posts"}],"about":[{"href":"https:\/\/www.caririemacao.com\/1\/wp-json\/wp\/v2\/types\/post"}],"author":[{"embeddable":true,"href":"https:\/\/www.caririemacao.com\/1\/wp-json\/wp\/v2\/users\/1"}],"replies":[{"embeddable":true,"href":"https:\/\/www.caririemacao.com\/1\/wp-json\/wp\/v2\/comments?post=74908"}],"version-history":[{"count":1,"href":"https:\/\/www.caririemacao.com\/1\/wp-json\/wp\/v2\/posts\/74908\/revisions"}],"predecessor-version":[{"id":74909,"href":"https:\/\/www.caririemacao.com\/1\/wp-json\/wp\/v2\/posts\/74908\/revisions\/74909"}],"wp:featuredmedia":[{"embeddable":true,"href":"https:\/\/www.caririemacao.com\/1\/wp-json\/wp\/v2\/media\/71433"}],"wp:attachment":[{"href":"https:\/\/www.caririemacao.com\/1\/wp-json\/wp\/v2\/media?parent=74908"}],"wp:term":[{"taxonomy":"category","embeddable":true,"href":"https:\/\/www.caririemacao.com\/1\/wp-json\/wp\/v2\/categories?post=74908"},{"taxonomy":"post_tag","embeddable":true,"href":"https:\/\/www.caririemacao.com\/1\/wp-json\/wp\/v2\/tags?post=74908"}],"curies":[{"name":"wp","href":"https:\/\/api.w.org\/{rel}","templated":true}]}}