{"id":74923,"date":"2018-11-30T15:10:26","date_gmt":"2018-11-30T18:10:26","guid":{"rendered":"http:\/\/www.caririemacao.com\/1\/?p=74923"},"modified":"2018-11-30T15:10:26","modified_gmt":"2018-11-30T18:10:26","slug":"acusado-de-participar-da-morte-de-secretario-em-parari-e-fugitivo-de-presidio-no-sertao-e-acusado-de-cometer-outros-homicidios","status":"publish","type":"post","link":"https:\/\/www.caririemacao.com\/1\/2018\/11\/30\/acusado-de-participar-da-morte-de-secretario-em-parari-e-fugitivo-de-presidio-no-sertao-e-acusado-de-cometer-outros-homicidios\/","title":{"rendered":"Acusado de participar da morte de secret\u00e1rio em Parari \u00e9 fugitivo de pres\u00eddio no Sert\u00e3o e acusado de cometer outros homic\u00eddios"},"content":{"rendered":"<p>O acusado de participar do assassinato do secret\u00e1rio Adriant\u00f4nio Cavalcante foi transferido para o pres\u00eddio Serrot\u00e3o em Campina Grande. Ele \u00e9 considerado um preso de alta periculosidade e \u00e9 fugitivo da Col\u00f4nia Penal de Sousa, no Sert\u00e3o da Para\u00edba.<\/p>\n<p>O homem que se identificou como sendo Cl\u00e1udio Barros da Silva na verdade tem 5 identidades falsas e seu nome verdadeiro \u00e9 F\u00e1bio Wanderson da Silva, acusado de outros 4 homic\u00eddios, inclusive de uma crian\u00e7a de 7 anos.<\/p>\n<p>Ele \u00e9 natural de Palmas-TO e a Pol\u00edcia Civil n\u00e3o tem d\u00favidas de sua participa\u00e7\u00e3o na morte do secret\u00e1rio de infra-estrutura Adriant\u00f4nio Cavalcante. Policiais revelaram ainda que prosseguem com as investiga\u00e7\u00f5es e acreditam que a moto utilizada no crime pode aparecer queimada ou em desmanche a qualquer momento.<\/p>\n<h5 style=\"text-align: right;\"><em><strong>De Olho no Cariri\/ Foto:\u00a0<\/strong><\/em><span style=\"font-size: 13.28px;\"><i>Reprodu\u00e7\u00e3o<\/i><\/span><\/h5>\n","protected":false},"excerpt":{"rendered":"<p>O acusado de participar do assassinato do secret\u00e1rio Adriant\u00f4nio Cavalcante foi transferido para o pres\u00eddio Serrot\u00e3o em Campina Grande. Ele \u00e9 considerado um preso de&hellip; <\/p>\n","protected":false},"author":1,"featured_media":74924,"comment_status":"closed","ping_status":"closed","sticky":false,"template":"","format":"standard","meta":{"sfsi_plus_gutenberg_text_before_share":"","sfsi_plus_gutenberg_show_text_before_share":"","sfsi_plus_gutenberg_icon_type":"","sfsi_plus_gutenberg_icon_alignemt":"","sfsi_plus_gutenburg_max_per_row":"","footnotes":""},"categories":[12],"tags":[],"class_list":["post-74923","post","type-post","status-publish","format-standard","has-post-thumbnail","hentry","category-policia"],"_links":{"self":[{"href":"https:\/\/www.caririemacao.com\/1\/wp-json\/wp\/v2\/posts\/74923","targetHints":{"allow":["GET"]}}],"collection":[{"href":"https:\/\/www.caririemacao.com\/1\/wp-json\/wp\/v2\/posts"}],"about":[{"href":"https:\/\/www.caririemacao.com\/1\/wp-json\/wp\/v2\/types\/post"}],"author":[{"embeddable":true,"href":"https:\/\/www.caririemacao.com\/1\/wp-json\/wp\/v2\/users\/1"}],"replies":[{"embeddable":true,"href":"https:\/\/www.caririemacao.com\/1\/wp-json\/wp\/v2\/comments?post=74923"}],"version-history":[{"count":1,"href":"https:\/\/www.caririemacao.com\/1\/wp-json\/wp\/v2\/posts\/74923\/revisions"}],"predecessor-version":[{"id":74925,"href":"https:\/\/www.caririemacao.com\/1\/wp-json\/wp\/v2\/posts\/74923\/revisions\/74925"}],"wp:featuredmedia":[{"embeddable":true,"href":"https:\/\/www.caririemacao.com\/1\/wp-json\/wp\/v2\/media\/74924"}],"wp:attachment":[{"href":"https:\/\/www.caririemacao.com\/1\/wp-json\/wp\/v2\/media?parent=74923"}],"wp:term":[{"taxonomy":"category","embeddable":true,"href":"https:\/\/www.caririemacao.com\/1\/wp-json\/wp\/v2\/categories?post=74923"},{"taxonomy":"post_tag","embeddable":true,"href":"https:\/\/www.caririemacao.com\/1\/wp-json\/wp\/v2\/tags?post=74923"}],"curies":[{"name":"wp","href":"https:\/\/api.w.org\/{rel}","templated":true}]}}