{"id":74929,"date":"2018-11-30T17:42:52","date_gmt":"2018-11-30T20:42:52","guid":{"rendered":"http:\/\/www.caririemacao.com\/1\/?p=74929"},"modified":"2018-12-01T01:09:54","modified_gmt":"2018-12-01T04:09:54","slug":"radio-sertania-fm-faz-aniversario-com-festa-e-acao-solidaria","status":"publish","type":"post","link":"https:\/\/www.caririemacao.com\/1\/2018\/11\/30\/radio-sertania-fm-faz-aniversario-com-festa-e-acao-solidaria\/","title":{"rendered":"R\u00e1dio Sert\u00e2nia FM faz anivers\u00e1rio com festa e a\u00e7\u00e3o solid\u00e1ria"},"content":{"rendered":"<p>A R\u00e1dio Sert\u00e2nia FM completa 19 anos de sucesso e inova com uma a\u00e7\u00e3o solid\u00e1ria que ajudar\u00e1 fam\u00edlias e entidades carentes da cidade, al\u00e9m da festa tradicional, que este ano contar\u00e1 com a parceria, realiza\u00e7\u00e3o e produ\u00e7\u00e3o do Grupo Multi Show Eventos, do empres\u00e1rio sertaniense Leonardo Silva.<\/p>\n<p>A festa acontecer\u00e1 com uma super estrutura na pr\u00f3xima sexta-feira (07\/12), no Lounge Club, na sa\u00edda para Monteiro, novo espa\u00e7o para realiza\u00e7\u00e3o de eventos em Sert\u00e2nia, e ter\u00e1 como atra\u00e7\u00f5es Erick Lima, Mulher Sertaneja, Boy Vaqueiro e Asas Morenas.<\/p>\n<p>Para o empres\u00e1rio Leonardo, &#8220;a festa da r\u00e1dio \u00e9 um evento que j\u00e1 faz parte do calend\u00e1rio festivo da cidade e tornou-se uma data tradicional e esperada por toda regi\u00e3o, sendo vitrine para as bandas, raz\u00e3o pela qual firmamos essa parceria, pela segunda vez, com destaque para a\u00e7\u00e3o social realizada pela r\u00e1dio, na certeza de mais um ano de sucesso\u201d destacou.<\/p>\n<p>Segundo o diretor geral da Rede Brasil de Comunica\u00e7\u00f5es, Gennedy Patriota, grupo que a Sert\u00e2nia FM \u00e9 pioneira, o anivers\u00e1rio da emissora \u00e9 muito importante para celebrar a evolu\u00e7\u00e3o que a mesma significa. \u201cRealizar um evento de sucesso e ainda poder ajudar fam\u00edlias carentes e entidades filantr\u00f3picas da regi\u00e3o \u00e9 um privil\u00e9gio e uma m\u00e1xima que a emissora sempre presou: utilizar a comunica\u00e7\u00e3o como forma de transformar vidas, prestar servi\u00e7os relevantes \u00e0 sociedade e \u00e0 popula\u00e7\u00e3o, n\u00e3o s\u00f3 de Sert\u00e2nia, mas de toda a regi\u00e3o\u201d. Afirmou.<\/p>\n<p>A entrada para o evento ser\u00e1 de apenas R$ 15,00 (antecipado) mais 1 quilo de alimento n\u00e3o perec\u00edvel, que ser\u00e1 destinado \u00e0s fam\u00edlias carentes da cidade. A festa contar\u00e1 com a presen\u00e7a de amigos e autoridades da regi\u00e3o, que prestigiar\u00e3o mais um ano de sucesso da emissora.<\/p>\n<p>No mesmo dia do evento, ser\u00e1 realizada uma missa campal no p\u00e1tio da Matriz da Imaculada Concei\u00e7\u00e3o, em a\u00e7\u00e3o de gra\u00e7as a partir das 19 horas, al\u00e9m de um dia de programa\u00e7\u00e3o festiva e especial em homenagem \u00e0 emissora.<\/p>\n<p>Os ingressos est\u00e3o \u00e0 venda nas Lojas Claro, Cl\u00ednica do Celular e na recep\u00e7\u00e3o da R\u00e1dio Sert\u00e2nia FM.<\/p>\n<p>&nbsp;<\/p>\n<p>Cr\u00e9ditos: Jornalista Cec\u00edlia Souza<\/p>\n","protected":false},"excerpt":{"rendered":"<p>A R\u00e1dio Sert\u00e2nia FM completa 19 anos de sucesso e inova com uma a\u00e7\u00e3o solid\u00e1ria que ajudar\u00e1 fam\u00edlias e entidades carentes da cidade, al\u00e9m da&hellip; <\/p>\n","protected":false},"author":1,"featured_media":74930,"comment_status":"closed","ping_status":"closed","sticky":false,"template":"","format":"standard","meta":{"sfsi_plus_gutenberg_text_before_share":"","sfsi_plus_gutenberg_show_text_before_share":"","sfsi_plus_gutenberg_icon_type":"","sfsi_plus_gutenberg_icon_alignemt":"","sfsi_plus_gutenburg_max_per_row":"","footnotes":""},"categories":[2],"tags":[],"class_list":["post-74929","post","type-post","status-publish","format-standard","has-post-thumbnail","hentry","category-geral"],"_links":{"self":[{"href":"https:\/\/www.caririemacao.com\/1\/wp-json\/wp\/v2\/posts\/74929","targetHints":{"allow":["GET"]}}],"collection":[{"href":"https:\/\/www.caririemacao.com\/1\/wp-json\/wp\/v2\/posts"}],"about":[{"href":"https:\/\/www.caririemacao.com\/1\/wp-json\/wp\/v2\/types\/post"}],"author":[{"embeddable":true,"href":"https:\/\/www.caririemacao.com\/1\/wp-json\/wp\/v2\/users\/1"}],"replies":[{"embeddable":true,"href":"https:\/\/www.caririemacao.com\/1\/wp-json\/wp\/v2\/comments?post=74929"}],"version-history":[{"count":2,"href":"https:\/\/www.caririemacao.com\/1\/wp-json\/wp\/v2\/posts\/74929\/revisions"}],"predecessor-version":[{"id":74961,"href":"https:\/\/www.caririemacao.com\/1\/wp-json\/wp\/v2\/posts\/74929\/revisions\/74961"}],"wp:featuredmedia":[{"embeddable":true,"href":"https:\/\/www.caririemacao.com\/1\/wp-json\/wp\/v2\/media\/74930"}],"wp:attachment":[{"href":"https:\/\/www.caririemacao.com\/1\/wp-json\/wp\/v2\/media?parent=74929"}],"wp:term":[{"taxonomy":"category","embeddable":true,"href":"https:\/\/www.caririemacao.com\/1\/wp-json\/wp\/v2\/categories?post=74929"},{"taxonomy":"post_tag","embeddable":true,"href":"https:\/\/www.caririemacao.com\/1\/wp-json\/wp\/v2\/tags?post=74929"}],"curies":[{"name":"wp","href":"https:\/\/api.w.org\/{rel}","templated":true}]}}