{"id":74932,"date":"2018-11-30T18:04:46","date_gmt":"2018-11-30T21:04:46","guid":{"rendered":"http:\/\/www.caririemacao.com\/1\/?p=74932"},"modified":"2018-11-30T18:04:46","modified_gmt":"2018-11-30T21:04:46","slug":"procon-solicita-a-cagepa-isencao-de-cobranca-indevida-e-abastecimento-em-cidade-do-cariri","status":"publish","type":"post","link":"https:\/\/www.caririemacao.com\/1\/2018\/11\/30\/procon-solicita-a-cagepa-isencao-de-cobranca-indevida-e-abastecimento-em-cidade-do-cariri\/","title":{"rendered":"Procon solicita a CAGEPA isen\u00e7\u00e3o de cobran\u00e7a indevida e abastecimento em cidade do Cariri"},"content":{"rendered":"<div class=\"td-pb-row\">\n<div class=\"td-pb-span12\">\n<div class=\"td-post-header\">\n<div class=\"td-post-sharing-top\">\n<div id=\"td_social_sharing_article_top\" class=\"td-post-sharing td-ps-bg td-ps-notext td-post-sharing-style1 \">\n<div class=\"td-post-sharing-visible\">\n<div class=\"td-social-sharing-button td-social-sharing-button-js td-social-handler td-social-share-text\">\n<div class=\"td-social-but-text\"><img decoding=\"async\" class=\"size-medium wp-image-14008 alignleft lazyload\" data-src=\"http:\/\/www.vitrinedocariri.com.br\/wp-content\/uploads\/2018\/05\/cagepa-300x163.jpg\" alt=\"\" width=\"300\" height=\"163\" src=\"data:image\/svg+xml;base64,PHN2ZyB3aWR0aD0iMSIgaGVpZ2h0PSIxIiB4bWxucz0iaHR0cDovL3d3dy53My5vcmcvMjAwMC9zdmciPjwvc3ZnPg==\" style=\"--smush-placeholder-width: 300px; --smush-placeholder-aspect-ratio: 300\/163;\" \/><\/div>\n<\/div>\n<div class=\"td-social-but-icon\">O PROCON, n\u00facleo sum\u00e9, que atende a regi\u00e3o do Cariri paraibano, solicitou a CAGEPA a isen\u00e7\u00e3o por cobran\u00e7as indevidas nas contas de clientes e o reabastecimento no Bairro do Mutir\u00e3o na cidade de Monteiro.<\/div>\n<\/div>\n<\/div>\n<\/div>\n<\/div>\n<\/div>\n<\/div>\n<div class=\"td-pb-row\">\n<div class=\"td-pb-span8 td-main-content\" role=\"main\">\n<div class=\"td-ss-main-content\">\n<div class=\"td-post-content\">\n<div class=\"\" data-block=\"true\" data-editor=\"e56q2\" data-offset-key=\"4mv91-0-0\">\n<div class=\"_1mf _1mj\" data-offset-key=\"4mv91-0-0\"><span data-offset-key=\"4mv91-0-0\">A CAGEPA se comprometeu de isentar os consumidores que passaram 30 dias se receber \u00e1gua nas torneiras ou seja aqueles que receberam cobran\u00e7a no per\u00edodo poder\u00e3o solicitar a isen\u00e7\u00e3o na sede da CAGEPA na rua Sizenando Rafael, Centro, Monteiro-PB, a empresa disse ainda que as casas que tiveram o consumo zero neste m\u00eas de novembro a conta j\u00e1 ser\u00e1 isentada. O Procon tamb\u00e9m solicitou que o abastecimento seja normalizado no bairro do mutir\u00e3o que vem sofrendo sem o fornecimento regular.<\/span><\/div>\n<\/div>\n<div class=\"\" data-block=\"true\" data-editor=\"e56q2\" data-offset-key=\"4pv4p-0-0\">\n<div class=\"_1mf _1mj\" data-offset-key=\"4pv4p-0-0\"><span data-offset-key=\"4pv4p-0-0\">De acordo com o coordenador do Procon, Crist\u00f3v\u00e3o Brasil, os clientes que sentirem lesados pela empresa podem procurar o \u00f3rg\u00e3o afim de sanar os transtornos causados.<\/span><\/div>\n<\/div>\n<div class=\"\" data-block=\"true\" data-editor=\"e56q2\" data-offset-key=\"mqt6-0-0\">\n<div class=\"_1mf _1mj\" data-offset-key=\"mqt6-0-0\"><strong><span data-offset-key=\"mqt6-0-0\">PROCON<\/span><\/strong><\/div>\n<\/div>\n<div class=\"\" data-block=\"true\" data-editor=\"e56q2\" data-offset-key=\"akpel-0-0\">\n<div class=\"_1mf _1mj\" data-offset-key=\"akpel-0-0\"><span data-offset-key=\"akpel-0-0\">Fone: (83) 3353-2730 \/\u00a0proconsume@gmail.com\u00a0\/ e\u00a0<a href=\"https:\/\/goo.gl\/UnuVZ7\">Aplicativo para Android<\/a><\/span><\/div>\n<\/div>\n<\/div>\n<\/div>\n<\/div>\n<\/div>\n<div data-offset-key=\"akpel-0-0\"><\/div>\n<div data-offset-key=\"akpel-0-0\">Tv Cariri<\/div>\n","protected":false},"excerpt":{"rendered":"<p>O PROCON, n\u00facleo sum\u00e9, que atende a regi\u00e3o do Cariri paraibano, solicitou a CAGEPA a isen\u00e7\u00e3o por cobran\u00e7as indevidas nas contas de clientes e o&hellip; <\/p>\n","protected":false},"author":1,"featured_media":14026,"comment_status":"closed","ping_status":"closed","sticky":false,"template":"","format":"standard","meta":{"sfsi_plus_gutenberg_text_before_share":"","sfsi_plus_gutenberg_show_text_before_share":"","sfsi_plus_gutenberg_icon_type":"","sfsi_plus_gutenberg_icon_alignemt":"","sfsi_plus_gutenburg_max_per_row":"","footnotes":""},"categories":[6],"tags":[],"class_list":["post-74932","post","type-post","status-publish","format-standard","has-post-thumbnail","hentry","category-cidades"],"_links":{"self":[{"href":"https:\/\/www.caririemacao.com\/1\/wp-json\/wp\/v2\/posts\/74932","targetHints":{"allow":["GET"]}}],"collection":[{"href":"https:\/\/www.caririemacao.com\/1\/wp-json\/wp\/v2\/posts"}],"about":[{"href":"https:\/\/www.caririemacao.com\/1\/wp-json\/wp\/v2\/types\/post"}],"author":[{"embeddable":true,"href":"https:\/\/www.caririemacao.com\/1\/wp-json\/wp\/v2\/users\/1"}],"replies":[{"embeddable":true,"href":"https:\/\/www.caririemacao.com\/1\/wp-json\/wp\/v2\/comments?post=74932"}],"version-history":[{"count":1,"href":"https:\/\/www.caririemacao.com\/1\/wp-json\/wp\/v2\/posts\/74932\/revisions"}],"predecessor-version":[{"id":74933,"href":"https:\/\/www.caririemacao.com\/1\/wp-json\/wp\/v2\/posts\/74932\/revisions\/74933"}],"wp:featuredmedia":[{"embeddable":true,"href":"https:\/\/www.caririemacao.com\/1\/wp-json\/wp\/v2\/media\/14026"}],"wp:attachment":[{"href":"https:\/\/www.caririemacao.com\/1\/wp-json\/wp\/v2\/media?parent=74932"}],"wp:term":[{"taxonomy":"category","embeddable":true,"href":"https:\/\/www.caririemacao.com\/1\/wp-json\/wp\/v2\/categories?post=74932"},{"taxonomy":"post_tag","embeddable":true,"href":"https:\/\/www.caririemacao.com\/1\/wp-json\/wp\/v2\/tags?post=74932"}],"curies":[{"name":"wp","href":"https:\/\/api.w.org\/{rel}","templated":true}]}}