{"id":74941,"date":"2018-11-30T19:23:48","date_gmt":"2018-11-30T22:23:48","guid":{"rendered":"http:\/\/www.caririemacao.com\/1\/?p=74941"},"modified":"2018-11-30T19:23:48","modified_gmt":"2018-11-30T22:23:48","slug":"conta-de-luz-dos-brasileiros-nao-tera-cobranca-de-taxa-extra-em-dezembro","status":"publish","type":"post","link":"https:\/\/www.caririemacao.com\/1\/2018\/11\/30\/conta-de-luz-dos-brasileiros-nao-tera-cobranca-de-taxa-extra-em-dezembro\/","title":{"rendered":"Conta de luz dos brasileiros n\u00e3o ter\u00e1 cobran\u00e7a de taxa extra em dezembro"},"content":{"rendered":"<p>O bolso dos brasileiros ter\u00e1 um al\u00edvio com a conta de luz em dezembro. A partir deste s\u00e1bado (1\u00ba) passar\u00e1 a vigorar a bandeira tarif\u00e1ria verde, o que significa que n\u00e3o haver\u00e1 cobran\u00e7a extra dos consumidores.<\/p>\n<p>Em novembro, esteve em vigor a bandeira amarela, o que representa uma cobran\u00e7a adicional de R$ 1 a cada 100 kWh (quilowatts-hora) consumidos.<\/p>\n<p>A informa\u00e7\u00e3o foi divulgada nesta sexta-feira (30) pela Aneel (Ag\u00eancia Nacional de Energia El\u00e9trica).<\/p>\n<p>De acordo com a ag\u00eancia, apesar de os reservat\u00f3rios ainda apresentarem n\u00edveis reduzidos, a expectativa \u00e9 de que a esta\u00e7\u00e3o chuvosa continue promovendo aumento do n\u00edvel de produ\u00e7\u00e3o de energia pelas usinas hidrel\u00e9tricas e a recupera\u00e7\u00e3o do fator de risco hidrol\u00f3gico (GSF), fatores que impulsionam a tend\u00eancia de queda no pre\u00e7o de liquida\u00e7\u00e3o de diferen\u00e7as (PLD).<\/p>\n<p>O GSF e o PLD s\u00e3o as duas vari\u00e1veis que determinam a cor da bandeira a ser acionada em cada m\u00eas.<\/p>\n<p><strong>Bandeiras indicam cobran\u00e7a extra<\/strong><br \/>\nO sistema tarif\u00e1rio aumenta o custo em momentos de escassez de energia, quando podem ser acionadas bandeiras amarela, vermelha 1 (rosa) ou vermelha 2.<\/p>\n<p>De janeiro a abril, vigorou no pa\u00eds a bandeira verde, que n\u00e3o tem cobran\u00e7a de taxa extra na conta de luz. Em maio, foi acionada a bandeira amarela, com cobran\u00e7a adicional de R$ 1 a cada 100 kWh. Em junho, a taxa extra subiu para R$ 5 a cada 100 kWh com o acionamento da bandeira vermelha 2, que foi mantida at\u00e9 outubro. Em novembro, a bandeira voltou a ser amarela.<\/p>\n<p><strong>Pouca chuva, conta mais cara<\/strong><br \/>\nQuando h\u00e1 pouca chuva, o n\u00edvel dos reservat\u00f3rios das usinas hidrel\u00e9tricas cai, o que diminui a produ\u00e7\u00e3o de energia. Para compensar essa queda, o governo manda acionar usinas termel\u00e9tricas, que s\u00e3o mais caras. Isso acontece no pa\u00eds desde 2013. Da mesma forma, quando h\u00e1 mais chuvas o governo desliga as termel\u00e9tricas, e o custo da gera\u00e7\u00e3o de energia cai.<\/p>\n<p>Para n\u00e3o ter de arcar com esses custos sozinho, o governo criou o sistema de bandeiras tarif\u00e1rias, uma cobran\u00e7a extra na conta de luz para bancar o funcionamento das termel\u00e9tricas. O sistema come\u00e7ou a valer em janeiro de 2015.<\/p>\n<p>Apesar do modelo de bandeiras tarif\u00e1rias, a Aneel pede que os consumidores fa\u00e7am o uso eficiente de energia el\u00e9trica e combatam os desperd\u00edcios em qualquer \u00e9poca do ano.<\/p>\n<p>Ag\u00eancia Brasil<\/p>\n","protected":false},"excerpt":{"rendered":"<p>O bolso dos brasileiros ter\u00e1 um al\u00edvio com a conta de luz em dezembro. A partir deste s\u00e1bado (1\u00ba) passar\u00e1 a vigorar a bandeira tarif\u00e1ria&hellip; <\/p>\n","protected":false},"author":1,"featured_media":40517,"comment_status":"closed","ping_status":"closed","sticky":false,"template":"","format":"standard","meta":{"sfsi_plus_gutenberg_text_before_share":"","sfsi_plus_gutenberg_show_text_before_share":"","sfsi_plus_gutenberg_icon_type":"","sfsi_plus_gutenberg_icon_alignemt":"","sfsi_plus_gutenburg_max_per_row":"","footnotes":""},"categories":[2],"tags":[],"class_list":["post-74941","post","type-post","status-publish","format-standard","has-post-thumbnail","hentry","category-geral"],"_links":{"self":[{"href":"https:\/\/www.caririemacao.com\/1\/wp-json\/wp\/v2\/posts\/74941","targetHints":{"allow":["GET"]}}],"collection":[{"href":"https:\/\/www.caririemacao.com\/1\/wp-json\/wp\/v2\/posts"}],"about":[{"href":"https:\/\/www.caririemacao.com\/1\/wp-json\/wp\/v2\/types\/post"}],"author":[{"embeddable":true,"href":"https:\/\/www.caririemacao.com\/1\/wp-json\/wp\/v2\/users\/1"}],"replies":[{"embeddable":true,"href":"https:\/\/www.caririemacao.com\/1\/wp-json\/wp\/v2\/comments?post=74941"}],"version-history":[{"count":1,"href":"https:\/\/www.caririemacao.com\/1\/wp-json\/wp\/v2\/posts\/74941\/revisions"}],"predecessor-version":[{"id":74942,"href":"https:\/\/www.caririemacao.com\/1\/wp-json\/wp\/v2\/posts\/74941\/revisions\/74942"}],"wp:featuredmedia":[{"embeddable":true,"href":"https:\/\/www.caririemacao.com\/1\/wp-json\/wp\/v2\/media\/40517"}],"wp:attachment":[{"href":"https:\/\/www.caririemacao.com\/1\/wp-json\/wp\/v2\/media?parent=74941"}],"wp:term":[{"taxonomy":"category","embeddable":true,"href":"https:\/\/www.caririemacao.com\/1\/wp-json\/wp\/v2\/categories?post=74941"},{"taxonomy":"post_tag","embeddable":true,"href":"https:\/\/www.caririemacao.com\/1\/wp-json\/wp\/v2\/tags?post=74941"}],"curies":[{"name":"wp","href":"https:\/\/api.w.org\/{rel}","templated":true}]}}