{"id":74943,"date":"2018-11-30T19:27:28","date_gmt":"2018-11-30T22:27:28","guid":{"rendered":"http:\/\/www.caririemacao.com\/1\/?p=74943"},"modified":"2018-11-30T19:27:28","modified_gmt":"2018-11-30T22:27:28","slug":"lula-diz-em-carta-ao-pt-que-partido-precisa-se-reconectar-com-as-bases","status":"publish","type":"post","link":"https:\/\/www.caririemacao.com\/1\/2018\/11\/30\/lula-diz-em-carta-ao-pt-que-partido-precisa-se-reconectar-com-as-bases\/","title":{"rendered":"Lula diz em carta ao PT que partido precisa se &#8216;reconectar com as bases&#8217;"},"content":{"rendered":"<div class=\"mc-column content-text active-extra-styles active-capital-letter\" data-block-type=\"unstyled\" data-block-weight=\"25\" data-block-id=\"2\">\n<p class=\"content-text__container theme-color-primary-first-letter\" data-track-category=\"Link no Texto\" data-track-links=\"\">O ex-presidente\u00a0Luiz In\u00e1cio Lula da Silva\u00a0afirmou em uma carta dirigida aos integrantes do\u00a0PT\u00a0que o partido precisa se \u201creconectar com as bases\u201d.<\/p>\n<\/div>\n<div class=\"wall protected-content\">\n<div class=\"mc-column content-text active-extra-styles \" data-block-type=\"unstyled\" data-block-weight=\"31\" data-block-id=\"3\">\n<p class=\"content-text__container \" data-track-category=\"Link no Texto\" data-track-links=\"\">O documento foi lido nesta sexta-feira (30) durante reuni\u00e3o do Diret\u00f3rio Nacional da legenda, em Bras\u00edlia. A leitura coube a Luiz Dulci, ex-ministro da Secretaria-Geral e um dos fundadores do PT.<\/p>\n<p>\u201cTemos de voltar \u00e0s ruas, \u00e0s f\u00e1bricas, aos bairros e favelas, falar a linguagem do povo, nos reconectar com as bases, como disse o Mano Brown. N\u00e3o podemos ter medo do futuro porque aprendemos que o imposs\u00edvel n\u00e3o existe\u201d, afirma Lula.<\/p>\n<p>Ao participar de um\u00a0evento do PT no Rio de Janeiro, o artista afirmou: \u201cSe n\u00f3s somos o Partido dos Trabalhadores, o partido do povo tem que entender o que o povo quer. Se n\u00e3o sabe, volta para a base e vai procurar saber\u201d.<\/p>\n<p><strong>Carta de Lula<\/strong><\/p>\n<p>Esta foi a primeira manifesta\u00e7\u00e3o p\u00fablica de Lula ap\u00f3s as elei\u00e7\u00f5es de outubro. O candidato do PT \u00e0 Presid\u00eancia,\u00a0Fernando Haddad, perdeu no\u00a0segundo turno\u00a0para Jair Bolsonaro (PSL).<\/p>\n<p>Inicialmente, Lula havia sido\u00a0registrado como candidato\u00a0do PT, mas o Tribunal Superior Eleitoral (TSE)\u00a0rejeitou a candidatura\u00a0dele, e o partido\u00a0anunciou Haddad\u00a0como candidato.<\/p>\n<p>Na carta, Lula afirma que o PT foi alvo de \u201cpersegui\u00e7\u00e3o\u201d e \u201ctramoias\u201d. Mas, mesmo assim, \u201ccontinua sendo o maior e mais importante partido popular deste pa\u00eds\u201d.<\/p>\n<p>Na \u00faltima elei\u00e7\u00e3o, o PT elegeu quatro governadores, 56 deputados federais \u2013 a maior bancada na C\u00e2mara \u2013 e seis senadores.<\/p>\n<p><strong>Elei\u00e7\u00e3o presidencial<\/strong><\/p>\n<p>Lula\u00a0liderava as pesquisas\u00a0de inten\u00e7\u00e3o de votos at\u00e9 ser substitu\u00eddo por Haddad. Na carta lida nesta sexta-feira, ele afirma que esta n\u00e3o foi uma \u201celei\u00e7\u00e3o normal\u201d porque o \u201cpovo brasileiro foi proibido de votar em quem desejava\u201d.<\/p>\n<p>\u201cFui condenado e preso, numa farsa judicial que escandalizou juristas do mundo inteiro, para me afastar do processo eleitoral\u201d, escreveu.<\/p>\n<p>Na carta, Lula faz ataques a Bolsonaro, dizendo que, durante a campanha, o capit\u00e3o da reserva \u201ccriou uma ind\u00fastria de mentiras no submundo da internet\u201d.<\/p>\n<p>Segundo o petista, a estrat\u00e9gia foi \u201corientada por agentes dos Estados Unidos e financiada por um caixa dois de dimens\u00f5es desconhecidas, mas certamente gigantescas\u201d.<\/p>\n<p>Lula tamb\u00e9m criticou o ex-juiz federal\u00a0S\u00e9rgio Moro, respons\u00e1vel pela condena\u00e7\u00e3o do ex-presidente e que\u00a0assumir\u00e1 o Minist\u00e9rio da Justi\u00e7a no governo Bolsonaro.<\/p>\n<p>\u201cMoro n\u00e3o se transformou no pol\u00edtico que dizia n\u00e3o ser. Simplesmente saiu do arm\u00e1rio em que escondia sua verdadeira natureza\u201d, escreveu Lula.<\/p>\n<p><strong>Encontro do PT<\/strong><\/p>\n<p>A c\u00fapula do partido se reuniu nesta sexta-feira para discutir e aprovar uma resolu\u00e7\u00e3o sobre os rumos do partido. O documento dever\u00e1 ser divulgado no s\u00e1bado (1\u00ba) ap\u00f3s os \u00faltimos debates.<\/p>\n<p>Do encontro, participaram a presidente do PT, Gleisi Hoffmann, a ex-presidente Dilma Rousseff, o senador eleito pela Bahia, Jaques Wagner, e o governador do Piau\u00ed, Wellington Dias, reeleito para o cargo.<\/p>\n<p>A reuni\u00e3o do Diret\u00f3rio Nacional aconteceu sem a presen\u00e7a de Fernando Haddad, que est\u00e1 em viagem aos Estados Unidos a convite do senador norte-americano Bernie Sanders, do partido Democratas, oposi\u00e7\u00e3o ao presidente Donald Trump.<\/p>\n<\/div>\n<p>G1<\/p>\n<\/div>\n","protected":false},"excerpt":{"rendered":"<p>O ex-presidente\u00a0Luiz In\u00e1cio Lula da Silva\u00a0afirmou em uma carta dirigida aos integrantes do\u00a0PT\u00a0que o partido precisa se \u201creconectar com as bases\u201d. O documento foi lido&hellip; <\/p>\n","protected":false},"author":1,"featured_media":39417,"comment_status":"closed","ping_status":"closed","sticky":false,"template":"","format":"standard","meta":{"sfsi_plus_gutenberg_text_before_share":"","sfsi_plus_gutenberg_show_text_before_share":"","sfsi_plus_gutenberg_icon_type":"","sfsi_plus_gutenberg_icon_alignemt":"","sfsi_plus_gutenburg_max_per_row":"","footnotes":""},"categories":[11],"tags":[],"class_list":["post-74943","post","type-post","status-publish","format-standard","has-post-thumbnail","hentry","category-politica"],"_links":{"self":[{"href":"https:\/\/www.caririemacao.com\/1\/wp-json\/wp\/v2\/posts\/74943","targetHints":{"allow":["GET"]}}],"collection":[{"href":"https:\/\/www.caririemacao.com\/1\/wp-json\/wp\/v2\/posts"}],"about":[{"href":"https:\/\/www.caririemacao.com\/1\/wp-json\/wp\/v2\/types\/post"}],"author":[{"embeddable":true,"href":"https:\/\/www.caririemacao.com\/1\/wp-json\/wp\/v2\/users\/1"}],"replies":[{"embeddable":true,"href":"https:\/\/www.caririemacao.com\/1\/wp-json\/wp\/v2\/comments?post=74943"}],"version-history":[{"count":1,"href":"https:\/\/www.caririemacao.com\/1\/wp-json\/wp\/v2\/posts\/74943\/revisions"}],"predecessor-version":[{"id":74944,"href":"https:\/\/www.caririemacao.com\/1\/wp-json\/wp\/v2\/posts\/74943\/revisions\/74944"}],"wp:featuredmedia":[{"embeddable":true,"href":"https:\/\/www.caririemacao.com\/1\/wp-json\/wp\/v2\/media\/39417"}],"wp:attachment":[{"href":"https:\/\/www.caririemacao.com\/1\/wp-json\/wp\/v2\/media?parent=74943"}],"wp:term":[{"taxonomy":"category","embeddable":true,"href":"https:\/\/www.caririemacao.com\/1\/wp-json\/wp\/v2\/categories?post=74943"},{"taxonomy":"post_tag","embeddable":true,"href":"https:\/\/www.caririemacao.com\/1\/wp-json\/wp\/v2\/tags?post=74943"}],"curies":[{"name":"wp","href":"https:\/\/api.w.org\/{rel}","templated":true}]}}