{"id":74968,"date":"2018-12-01T10:57:09","date_gmt":"2018-12-01T13:57:09","guid":{"rendered":"http:\/\/www.caririemacao.com\/1\/?p=74968"},"modified":"2018-12-01T10:57:09","modified_gmt":"2018-12-01T13:57:09","slug":"assistencia-social-de-sume-realiza-primeira-semana-do-bebe","status":"publish","type":"post","link":"https:\/\/www.caririemacao.com\/1\/2018\/12\/01\/assistencia-social-de-sume-realiza-primeira-semana-do-bebe\/","title":{"rendered":"Assist\u00eancia Social de Sum\u00e9 realiza Primeira Semana do Beb\u00ea"},"content":{"rendered":"<p>A Secretaria de Assist\u00eancia Social de Sum\u00e9, realiza na pr\u00f3xima semana a Primeira Semana do Beb\u00ea, cujo tema \u00e9 <strong>\u00a0<\/strong>\u201cTodos juntos pela primeira inf\u00e2ncia\u201d<strong>.<\/strong><\/p>\n<p>O evento ser\u00e1 aberto na pr\u00f3xima segunda-feira (03\/12), \u00e0s 09h, no audit\u00f3rio do Centro de Refer\u00eancia de Assist\u00eancia Social (Cras). A programa\u00e7\u00e3o se estende at\u00e9 a quinta-feira (06\/12).<\/p>\n<p>A Semana do Beb\u00ea \u00e9 tamb\u00e9m uma a\u00e7\u00e3o conjunta com as Secretarias de Sa\u00fade e de Educa\u00e7\u00e3o e faz parte das a\u00e7\u00f5es para o processo de viabiliza\u00e7\u00e3o da conquista do Selo Unicef \u00a02017-2020.<\/p>\n<p>Na programa\u00e7\u00e3o constam atividades voltadas para o grupo de m\u00e3es do Cras e gestantes benefici\u00e1rias do Programa Bolsa Fam\u00edlia que receber\u00e3o informa\u00e7\u00f5es e orienta\u00e7\u00f5es sobre sa\u00fade da crian\u00e7a, preven\u00e7\u00e3o de acidentes dom\u00e9sticos, crian\u00e7as e familiares e cuidados com a parturiente.<\/p>\n<p><strong>Confira a programa\u00e7\u00e3o:<\/strong><\/p>\n<p><strong>\u00a0<\/strong><\/p>\n<p><strong>&#8211; 03\/12\/2018 (segunda-feira)<\/strong><\/p>\n<p>&nbsp;<\/p>\n<p><strong>Hor\u00e1rio:<\/strong> 09h\u00a0 &#8211; Abertura<\/p>\n<p><strong>Local<\/strong>: Audit\u00f3rio do Centro de Refer\u00eancia de Assist\u00eancia Social \u2013CRAS.<\/p>\n<p>Roda de Conversa sobre os cuidados na Primeira Inf\u00e2ncia\/ Distribui\u00e7\u00e3o de repelentes.<\/p>\n<p><strong>P\u00fablico-alvo<\/strong>: Grupo de M\u00e3es do CRAS e gestantes benefici\u00e1rias do Programa Bolsa Fam\u00edlia.<\/p>\n<p><strong>Respons\u00e1veis: <\/strong>Equipe t\u00e9cnica da Prote\u00e7\u00e3o Social B\u00e1sica.<\/p>\n<p>&nbsp;<\/p>\n<p><strong>&#8211; 04\/12\/2018 (ter\u00e7a-feira)<\/strong><\/p>\n<p><strong>\u00a0<\/strong><\/p>\n<p><strong>Hor\u00e1rios:<\/strong> Manh\u00e3 e Tarde<\/p>\n<p><strong>Local<\/strong>: Unidades B\u00e1sicas de Sa\u00fade da Fam\u00edlia: UBSF (rodas de conversas nas salas de espera sobre sa\u00fade da crian\u00e7a)<\/p>\n<p><strong>P\u00fablico-alvo<\/strong>: Fam\u00edlias<\/p>\n<p><strong>Respons\u00e1veis<\/strong>: Secretaria de Sa\u00fade<\/p>\n<p>&nbsp;<\/p>\n<p><strong>05\/12 (quarta-feira) <\/strong><\/p>\n<p><strong>Hor\u00e1rio: <\/strong>10h.<\/p>\n<p><strong>Local: Creche Rita Cipriano Bezerra.<\/strong><\/p>\n<p>Roda de Conversa.<\/p>\n<p><strong>Tema: <\/strong>Sa\u00fade da Crian\u00e7a e Preven\u00e7\u00e3o de acidentes dom\u00e9sticos.<\/p>\n<p><strong>Respons\u00e1veis: <\/strong>T\u00e9cnicas da Secretaria de Sa\u00fade e equipe do SAMU<strong>.<\/strong><\/p>\n<p><strong>\u00a0<\/strong><\/p>\n<p><strong>Hor\u00e1rio: <\/strong>13h.<\/p>\n<p><strong>Local:<\/strong> UBSF Maria Das Neves Nogueira.<\/p>\n<p>Roda de Conversa com a equipe do NASF.<\/p>\n<p><strong>Tema: Cuidados com a sa\u00fade da crian\u00e7a.<\/strong><\/p>\n<p><strong>\u00a0<\/strong><\/p>\n<p><strong>Local: <\/strong>Creche Anita Garibaldi Mendon\u00e7a Raphael.<\/p>\n<p><strong>Hor\u00e1rio:<\/strong> 14h.<\/p>\n<p>Roda de Conversa com equipe da Secretaria de Sa\u00fade.<\/p>\n<p><strong>Tema: <\/strong>Sa\u00fade da Crian\u00e7a e Preven\u00e7\u00e3o de Acidentes dom\u00e9sticos.<\/p>\n<p><strong>P\u00fablico-alvo:<\/strong> Crian\u00e7as e familiares (pais e\/ou respons\u00e1veis).<\/p>\n<p><strong>Respons\u00e1veis:<\/strong> Secretarias de Sa\u00fade e Educa\u00e7\u00e3o.<\/p>\n<p><strong>\u00a0<\/strong><\/p>\n<p><strong>DIA 06\/12 (quinta-feira)<\/strong><\/p>\n<p><strong>Hor\u00e1rio: <\/strong>07h.<\/p>\n<p><strong>Local:<\/strong> UBSF Enfermeira Maria do Carmo Ramos.<\/p>\n<p>Oficina com o grupo de gestantes.<\/p>\n<p><strong>Facilitadoras:<\/strong> T\u00e9cnicas do NASF (psic\u00f3loga e fisioterapeuta).<\/p>\n<p><strong>Tema: <\/strong>Cuidados com a sa\u00fade da crian\u00e7a e da parturiente.<\/p>\n<p><strong>\u00a0<\/strong><\/p>\n<p><strong>Tarde<\/strong><\/p>\n<p><strong>Hor\u00e1rio: <\/strong>14h.<\/p>\n<p>Culmin\u00e2ncia da Semana do Beb\u00ea<\/p>\n<p><strong>Momento L\u00fadico:<\/strong> Oficina de conta\u00e7\u00e3o de hist\u00f3ria com a equipe do Programa Crian\u00e7a Feliz.<\/p>\n<p><strong>Local:<\/strong> Projeto M\u00f4nica &#8211; Polo do Servi\u00e7o de Conviv\u00eancia e Fortalecimento de V\u00ednculos-SCFV.<\/p>\n<p><strong>P\u00fablico-alvo:<\/strong> Crian\u00e7as.<\/p>\n<p><strong>Respons\u00e1veis:<\/strong> Equipe do Programa Crian\u00e7a Feliz.<\/p>\n<p><strong>\u00a0<\/strong>Ascom PMS<\/p>\n<p>&nbsp;<\/p>\n","protected":false},"excerpt":{"rendered":"<p>A Secretaria de Assist\u00eancia Social de Sum\u00e9, realiza na pr\u00f3xima semana a Primeira Semana do Beb\u00ea, cujo tema \u00e9 \u00a0\u201cTodos juntos pela primeira inf\u00e2ncia\u201d. O&hellip; <\/p>\n","protected":false},"author":2,"featured_media":74969,"comment_status":"closed","ping_status":"closed","sticky":false,"template":"","format":"standard","meta":{"sfsi_plus_gutenberg_text_before_share":"","sfsi_plus_gutenberg_show_text_before_share":"","sfsi_plus_gutenberg_icon_type":"","sfsi_plus_gutenberg_icon_alignemt":"","sfsi_plus_gutenburg_max_per_row":"","footnotes":""},"categories":[6],"tags":[],"class_list":["post-74968","post","type-post","status-publish","format-standard","has-post-thumbnail","hentry","category-cidades"],"_links":{"self":[{"href":"https:\/\/www.caririemacao.com\/1\/wp-json\/wp\/v2\/posts\/74968","targetHints":{"allow":["GET"]}}],"collection":[{"href":"https:\/\/www.caririemacao.com\/1\/wp-json\/wp\/v2\/posts"}],"about":[{"href":"https:\/\/www.caririemacao.com\/1\/wp-json\/wp\/v2\/types\/post"}],"author":[{"embeddable":true,"href":"https:\/\/www.caririemacao.com\/1\/wp-json\/wp\/v2\/users\/2"}],"replies":[{"embeddable":true,"href":"https:\/\/www.caririemacao.com\/1\/wp-json\/wp\/v2\/comments?post=74968"}],"version-history":[{"count":1,"href":"https:\/\/www.caririemacao.com\/1\/wp-json\/wp\/v2\/posts\/74968\/revisions"}],"predecessor-version":[{"id":74971,"href":"https:\/\/www.caririemacao.com\/1\/wp-json\/wp\/v2\/posts\/74968\/revisions\/74971"}],"wp:featuredmedia":[{"embeddable":true,"href":"https:\/\/www.caririemacao.com\/1\/wp-json\/wp\/v2\/media\/74969"}],"wp:attachment":[{"href":"https:\/\/www.caririemacao.com\/1\/wp-json\/wp\/v2\/media?parent=74968"}],"wp:term":[{"taxonomy":"category","embeddable":true,"href":"https:\/\/www.caririemacao.com\/1\/wp-json\/wp\/v2\/categories?post=74968"},{"taxonomy":"post_tag","embeddable":true,"href":"https:\/\/www.caririemacao.com\/1\/wp-json\/wp\/v2\/tags?post=74968"}],"curies":[{"name":"wp","href":"https:\/\/api.w.org\/{rel}","templated":true}]}}