{"id":74974,"date":"2018-12-01T15:41:50","date_gmt":"2018-12-01T18:41:50","guid":{"rendered":"http:\/\/www.caririemacao.com\/1\/?p=74974"},"modified":"2018-12-01T15:41:50","modified_gmt":"2018-12-01T18:41:50","slug":"mais-de-200-sao-presos-e-65-ficam-feridos-em-novo-protesto-em-paris","status":"publish","type":"post","link":"https:\/\/www.caririemacao.com\/1\/2018\/12\/01\/mais-de-200-sao-presos-e-65-ficam-feridos-em-novo-protesto-em-paris\/","title":{"rendered":"Mais de 200 s\u00e3o presos e 65 ficam feridos em novo protesto em Paris"},"content":{"rendered":"<p><span class=\"news_capital_letter\">A<\/span>capital francesa, Paris, foi palco neste s\u00e1bado (1\u00ba) da terceira grande manifesta\u00e7\u00e3o contra o aumento do pre\u00e7o dos combust\u00edveis, organizada pelo movimento &#8220;gilet jaune&#8221; (coletes amarelos, na tradu\u00e7\u00e3o). De acordo com ag\u00eancias internacionais, pelo menos 205 pessoas foram detidas e outras 65 ficaram feridas (11 das for\u00e7as de seguran\u00e7a).<\/p>\n<p>Os manifestantes, cerca de 5,5 mil, segundo\u00a0o primeiro-ministro franc\u00eas, Edouard Philippe, se reuniram durante a manh\u00e3, na regi\u00e3o da Avenida Champs-Elysees. Cinco mil agentes das for\u00e7as de seguran\u00e7a foram convocados para evitar epis\u00f3dios de viol\u00eancia como os ocorridos nos protestos anteriores, onde duas pessoas morreram.<\/p>\n<p>No entanto,\u00a0os manifestantes e os policiais entraram em confronto durante o ato, que durou tr\u00eas horas. As for\u00e7as francesas usaram g\u00e1s de efeito moral e canh\u00f5es de \u00e1gua contra o p\u00fablico.<\/p>\n<p>No restante do pa\u00eds tamb\u00e9m houve protestos. Calcula-se que 36 mil pessoas tenham sa\u00eddo \u00e0s ruas.<\/p>\n<p>O primeiro grande protesto do movimento &#8220;gilet jaune&#8221; ocorreu em 17 de novembro, contra o aumento do pre\u00e7o do combust\u00edvel, principalmente do diesel. O colete amarelo, item obrigat\u00f3rio para motoristas na Fran\u00e7a, virou s\u00edmbolo do descontentamento. No entanto, os manifestantes tamb\u00e9m criticam as pol\u00edticas sociais e econ\u00f4micas do presidente Emmanuel Macron, que prometeu revogar o reajuste do combust\u00edvel. (ANSA)<\/p>\n<p>&nbsp;<\/p>\n<p style=\"text-align: right;\"><em><strong>Noticias Ao Minuto\/ Reprodu\u00e7\u00e3o\u00a0\u00a0<\/strong><\/em><\/p>\n","protected":false},"excerpt":{"rendered":"<p>Acapital francesa, Paris, foi palco neste s\u00e1bado (1\u00ba) da terceira grande manifesta\u00e7\u00e3o contra o aumento do pre\u00e7o dos combust\u00edveis, organizada pelo movimento &#8220;gilet jaune&#8221; (coletes&hellip; <\/p>\n","protected":false},"author":2,"featured_media":74975,"comment_status":"closed","ping_status":"closed","sticky":false,"template":"","format":"standard","meta":{"sfsi_plus_gutenberg_text_before_share":"","sfsi_plus_gutenberg_show_text_before_share":"","sfsi_plus_gutenberg_icon_type":"","sfsi_plus_gutenberg_icon_alignemt":"","sfsi_plus_gutenburg_max_per_row":"","footnotes":""},"categories":[2],"tags":[],"class_list":["post-74974","post","type-post","status-publish","format-standard","has-post-thumbnail","hentry","category-geral"],"_links":{"self":[{"href":"https:\/\/www.caririemacao.com\/1\/wp-json\/wp\/v2\/posts\/74974","targetHints":{"allow":["GET"]}}],"collection":[{"href":"https:\/\/www.caririemacao.com\/1\/wp-json\/wp\/v2\/posts"}],"about":[{"href":"https:\/\/www.caririemacao.com\/1\/wp-json\/wp\/v2\/types\/post"}],"author":[{"embeddable":true,"href":"https:\/\/www.caririemacao.com\/1\/wp-json\/wp\/v2\/users\/2"}],"replies":[{"embeddable":true,"href":"https:\/\/www.caririemacao.com\/1\/wp-json\/wp\/v2\/comments?post=74974"}],"version-history":[{"count":1,"href":"https:\/\/www.caririemacao.com\/1\/wp-json\/wp\/v2\/posts\/74974\/revisions"}],"predecessor-version":[{"id":74976,"href":"https:\/\/www.caririemacao.com\/1\/wp-json\/wp\/v2\/posts\/74974\/revisions\/74976"}],"wp:featuredmedia":[{"embeddable":true,"href":"https:\/\/www.caririemacao.com\/1\/wp-json\/wp\/v2\/media\/74975"}],"wp:attachment":[{"href":"https:\/\/www.caririemacao.com\/1\/wp-json\/wp\/v2\/media?parent=74974"}],"wp:term":[{"taxonomy":"category","embeddable":true,"href":"https:\/\/www.caririemacao.com\/1\/wp-json\/wp\/v2\/categories?post=74974"},{"taxonomy":"post_tag","embeddable":true,"href":"https:\/\/www.caririemacao.com\/1\/wp-json\/wp\/v2\/tags?post=74974"}],"curies":[{"name":"wp","href":"https:\/\/api.w.org\/{rel}","templated":true}]}}