{"id":74980,"date":"2018-12-01T15:55:04","date_gmt":"2018-12-01T18:55:04","guid":{"rendered":"http:\/\/www.caririemacao.com\/1\/?p=74980"},"modified":"2018-12-01T15:55:04","modified_gmt":"2018-12-01T18:55:04","slug":"no-g20-temer-diz-que-mundo-deve-recusar-facilidades-do-isolacionismo","status":"publish","type":"post","link":"https:\/\/www.caririemacao.com\/1\/2018\/12\/01\/no-g20-temer-diz-que-mundo-deve-recusar-facilidades-do-isolacionismo\/","title":{"rendered":"No G20, Temer diz que mundo deve recusar facilidades do isolacionismo"},"content":{"rendered":"<p><span class=\"news_capital_letter\">E<\/span>m uma mensagem que pode ser lida como recado oposto ao que prega o presidente eleito, Jair Bolsonaro, Michel Temer afirmou em seu discurso na plen\u00e1ria do G20 que o mundo deve &#8220;recusar as aparentes facilidades do protecionismo e de isolacionismo&#8221;.<\/p>\n<div class=\"pub-container inside-news\">\n<div class=\"pub-space\">No primeiro dia do encontro dos l\u00edderes das 20 principais economias do planeta, em Buenos Aires, nesta sexta-feira (30), Temer disse que &#8220;a escolha do Brasil \u00e9 pela integra\u00e7\u00e3o de todas as possibilidades de um mundo crescentemente interconectado&#8221;.<\/div>\n<\/div>\n<p>O l\u00edder brasileiro afirmou, por\u00e9m, reconhecer que &#8220;a globaliza\u00e7\u00e3o tamb\u00e9m \u00e9 fonte de ansiedade para parcelas significativas de nossas popula\u00e7\u00f5es&#8221;. &#8220;Infelizmente, n\u00e3o s\u00e3o poucos aqueles que, sem acesso a capacita\u00e7\u00e3o adequada, alijados das inova\u00e7\u00f5es tecnol\u00f3gicas, sentem um leg\u00edtimo mal-estar: mal-estar diante das mudan\u00e7as no mercado de trabalho, das mudan\u00e7as em nossas sociedades. Surge, a\u00ed, a tenta\u00e7\u00e3o de solu\u00e7\u00f5es que podem soar simples, mas s\u00e3o ilus\u00f3rias. Pois h\u00e1 que resistir. H\u00e1 que recusar as aparentes facilidades do protecionismo e de isolacionismo.&#8221;<\/p>\n<p>Esta reuni\u00e3o do G20 ocorre em meio \u00e0 guerra comercial entre Estados Unidos e China, que ter\u00e1 um novo cap\u00edtulo com o jantar entre o presidente americano, Donald Trump, e o l\u00edder chin\u00eas, Xi Jinping, marcado para a noite deste s\u00e1bado (1\u00ba), ou seja, j\u00e1 ap\u00f3s o fim da c\u00fapula e da divulga\u00e7\u00e3o do documento final.<\/p>\n<p>Temer chegou \u00e0 capital argentina na noite desta quinta-feira (29), onde jantou com o embaixador brasileiro. Na magra agenda at\u00e9 o momento, constam apenas duas reuni\u00f5es bilaterais, com os representantes de Singapura e Austr\u00e1lia.<\/p>\n<p style=\"text-align: right;\"><em><strong>Noticias Ao Minuto\/ Reprodu\u00e7\u00e3o<\/strong><\/em><\/p>\n","protected":false},"excerpt":{"rendered":"<p>Em uma mensagem que pode ser lida como recado oposto ao que prega o presidente eleito, Jair Bolsonaro, Michel Temer afirmou em seu discurso na&hellip; <\/p>\n","protected":false},"author":2,"featured_media":74981,"comment_status":"closed","ping_status":"closed","sticky":false,"template":"","format":"standard","meta":{"sfsi_plus_gutenberg_text_before_share":"","sfsi_plus_gutenberg_show_text_before_share":"","sfsi_plus_gutenberg_icon_type":"","sfsi_plus_gutenberg_icon_alignemt":"","sfsi_plus_gutenburg_max_per_row":"","footnotes":""},"categories":[11],"tags":[],"class_list":["post-74980","post","type-post","status-publish","format-standard","has-post-thumbnail","hentry","category-politica"],"_links":{"self":[{"href":"https:\/\/www.caririemacao.com\/1\/wp-json\/wp\/v2\/posts\/74980","targetHints":{"allow":["GET"]}}],"collection":[{"href":"https:\/\/www.caririemacao.com\/1\/wp-json\/wp\/v2\/posts"}],"about":[{"href":"https:\/\/www.caririemacao.com\/1\/wp-json\/wp\/v2\/types\/post"}],"author":[{"embeddable":true,"href":"https:\/\/www.caririemacao.com\/1\/wp-json\/wp\/v2\/users\/2"}],"replies":[{"embeddable":true,"href":"https:\/\/www.caririemacao.com\/1\/wp-json\/wp\/v2\/comments?post=74980"}],"version-history":[{"count":1,"href":"https:\/\/www.caririemacao.com\/1\/wp-json\/wp\/v2\/posts\/74980\/revisions"}],"predecessor-version":[{"id":74982,"href":"https:\/\/www.caririemacao.com\/1\/wp-json\/wp\/v2\/posts\/74980\/revisions\/74982"}],"wp:featuredmedia":[{"embeddable":true,"href":"https:\/\/www.caririemacao.com\/1\/wp-json\/wp\/v2\/media\/74981"}],"wp:attachment":[{"href":"https:\/\/www.caririemacao.com\/1\/wp-json\/wp\/v2\/media?parent=74980"}],"wp:term":[{"taxonomy":"category","embeddable":true,"href":"https:\/\/www.caririemacao.com\/1\/wp-json\/wp\/v2\/categories?post=74980"},{"taxonomy":"post_tag","embeddable":true,"href":"https:\/\/www.caririemacao.com\/1\/wp-json\/wp\/v2\/tags?post=74980"}],"curies":[{"name":"wp","href":"https:\/\/api.w.org\/{rel}","templated":true}]}}