{"id":74983,"date":"2018-12-01T15:58:36","date_gmt":"2018-12-01T18:58:36","guid":{"rendered":"http:\/\/www.caririemacao.com\/1\/?p=74983"},"modified":"2018-12-01T15:59:19","modified_gmt":"2018-12-01T18:59:19","slug":"pt-recua-de-autocritica-e-enaltece-haddad-como-nova-lideranca-em-documento","status":"publish","type":"post","link":"https:\/\/www.caririemacao.com\/1\/2018\/12\/01\/pt-recua-de-autocritica-e-enaltece-haddad-como-nova-lideranca-em-documento\/","title":{"rendered":"PT recua de autocr\u00edtica e enaltece Haddad como &#8216;nova lideran\u00e7a&#8217; em documento"},"content":{"rendered":"<p>Depois de mais de dois dias de debate e discuss\u00f5es, o\u00a0Diret\u00f3rio Nacional do PT\u00a0aprovou neste s\u00e1bado, 1\u00ba, uma nova resolu\u00e7\u00e3o pol\u00edtica para orientar os rumos do partido a partir de 2019. Diferentemente do que estava previsto na primeira vers\u00e3o do documento,\u00a0o partido recuou de autocr\u00edticas feitas aos governos petistas e optou por dar mais \u00eanfase \u00e0 import\u00e2ncia de Fernando Haddad, candidato derrotado nas elei\u00e7\u00f5es de 2018, como &#8220;nova lideran\u00e7a nacional do Partido&#8221;.<\/p>\n<p>A elabora\u00e7\u00e3o da resolu\u00e7\u00e3o exp\u00f4s as diverg\u00eancias que tomaram conta do partido desde as elei\u00e7\u00f5es, quando Jair Bolsonaro foi eleito presidente da Rep\u00fablica.\u00a0Uma primeira vers\u00e3o do texto havia sido elaborada por uma comiss\u00e3o formada com integrantes de todas as correntes internas da sigla. Mas esse documento causou desconforto principalmente entre os membros do grupo majorit\u00e1rio, denominado\u00a0Construindo Um Novo Brasil (CNB), e do grupo\u00a0Movimento PT, que decidiram produzir novas vers\u00f5es do mesmo documento.<\/p>\n<p>Com mais de 70 itens, o texto trazia cr\u00edticas \u00e0 pol\u00edtica econ\u00f4mica da ex-presidente\u00a0Dilma Rousseff\u00a0&#8211; que tinha\u00a0Joaquim Levy\u00a0como ministro da Fazenda, hoje indicado para ser o novo presidente do\u00a0Banco Nacional do Desenvolvimento Econ\u00f4mico e Social (BNDES)\u00a0na gest\u00e3o de\u00a0Bolsonaro\u00a0&#8211; e tamb\u00e9m a setores da centro-esquerda que se recusaram a apoiar Haddad no segundo turno da disputa presidencial, numa refer\u00eancia indireta ao PDT, de\u00a0Ciro Gomes.<\/p>\n<p>Ap\u00f3s press\u00e3o da CNB, o partido retirou essas quest\u00f5es e focou no enaltecimento de Haddad. Um dos dirigentes do partido disse, em condi\u00e7\u00e3o de anonimato, que nunca havia presenciado uma reuni\u00e3o do Diret\u00f3rio Nacional como esta, apesar de serem hist\u00f3ricas as diverg\u00eancias na sigla. Prevaleceu ent\u00e3o a vis\u00e3o da corrente majorit\u00e1ria e os elogios ao candidato derrotado nas urnas.<\/p>\n<p>&#8220;\u00c9 imprescind\u00edvel ressaltar nesse balan\u00e7o que o companheiro Fernando Haddad se projeta como uma nova lideran\u00e7a nacional do Partido. Defendeu o legado do PT, ao mesmo tempo em que simbolizou aspectos de renova\u00e7\u00e3o pol\u00edtica e social de que o PT \u00e9 capaz, logrando conjuntamente com a milit\u00e2ncia democr\u00e1tica, da esquerda e do partido chegar ao final do segundo turno com 47 milh\u00f5es de votos. \u00c9 com este saldo pol\u00edtico que Fernando Haddad poder\u00e1 cumprir destacado papel frente aos novos e complexos desafios da conjuntura&#8221;, diz a resolu\u00e7\u00e3o final.<\/p>\n<p>&#8220;N\u00e3o tem autocr\u00edtica no texto. O PT faz autocr\u00edtica na pr\u00e1tica. O PT fez financiamento p\u00fablico de campanha, o PT est\u00e1 reorganizando as bases, o PT est\u00e1 com movimento social. N\u00f3s n\u00e3o faremos autocr\u00edtica para a m\u00eddia e n\u00e3o faremos autocr\u00edtica para a direita do pa\u00eds&#8221;, afirmou o presidente do partido, senadora Gleisi Hoffmann (PT-PR).<\/p>\n<p class=\"intertitulo\">&#8216;<strong>Republicanismo&#8217;.<\/strong><\/p>\n<p>A autocr\u00edtica no documento se resumiu apenas a um &#8220;equ\u00edvoco&#8221; do partido em rela\u00e7\u00e3o ao &#8220;republicanismo&#8221; com grupos e institui\u00e7\u00f5es que ajudaram a &#8220;derrubar&#8221; o PT. &#8220;O conjunto do partido parece ter incorrido em alguns equ\u00edvocos durante os nossos governos. O primeiro foi a o &#8216;Republicanismo&#8217;, fomos republicanos com quem n\u00e3o \u00e9 e nunca foi republicano, a m\u00eddia monopolista, parte do judici\u00e1rio que sempre foi o reduto e o reflexo da elites mais atrasadas e antigas do escravismo nacional, os servi\u00e7os de intelig\u00eancia, as For\u00e7as Armadas e os aparatos de seguran\u00e7a, ainda sob controle dos que estavam no poder na \u00e9poca da ditadura de 1964-1985, corpora\u00e7\u00f5es conservadoras e que se pautavam apenas por interesses pr\u00f3prios e pelas disputa de poder para seus agrupamentos, como parte do MP e grande parte da PF. Permitimos que esses grupos se reproduzissem e acumulassem for\u00e7a para nos derrubar numa ruptura da Constitui\u00e7\u00e3o&#8221;, afirmou o documento.<\/p>\n<p>A resolu\u00e7\u00e3o traz tamb\u00e9m uma an\u00e1lise de como o partido confiou apenas nos resultados de suas pol\u00edticas sociais para se manter pr\u00f3ximo das &#8220;maiorias sociais&#8221;. &#8220;N\u00e3o bastava fazer pol\u00edticas sociais ben\u00e9ficas para a maioria da popula\u00e7\u00e3o que isso nos manteria conectados com os interesses e afinados politicamente com essas maiorias sociais. N\u00e3o investimos na disputa de valores e da cultura como dever\u00edamos fazer, na disputa de hegemonia. Essa disputa de hegemonia se d\u00e1 pelos meios de comunica\u00e7\u00e3o, pela produ\u00e7\u00e3o cultural, na Educa\u00e7\u00e3o e na organiza\u00e7\u00e3o dos movimentos sociais&#8221;, diz trecho da resolu\u00e7\u00e3o.<\/p>\n<p>Outra forte influ\u00eancia sobre a resolu\u00e7\u00e3o final foi a carta enviada pelo ex-presidente Luiz In\u00e1cio Lula da Silva apresentada durante a reuni\u00e3o do Diret\u00f3rio Nacional. O petista fez refer\u00eancia ao rapper Mano Brown ao dizer que a sigla precisava voltar \u00e0s ruas, f\u00e1bricas e favelas para se &#8220;reconectar&#8221; com a base. Essa cr\u00edtica entrou na reda\u00e7\u00e3o final, mas em tom mais ameno.<\/p>\n<p>&#8220;\u00c9 importante criar n\u00facleos de luta pela democracia e pela defesa dos direitos sociais\/ contra o fascismo, nas universidades, escolas, locais de moradia. Precisamos ter uma agenda de visita aos bairros, comunidades, f\u00e1bricas. Por tais raz\u00f5es o principal desafio do Partido e de cada um de seus militantes, \u00e9 o de se aproximar, dialogar e organizar a maioria do povo participando de suas lutas cotidianas.&#8221;<\/p>\n<p>O documento foi apresentado durante reuni\u00e3o do partido em Bras\u00edlia ontem e hoje. Ap\u00f3s o elabora\u00e7\u00e3o da resolu\u00e7\u00e3o, petistas aprovaram a inclus\u00e3o de mais duas emendas no texto final, mas essa vers\u00e3o ainda n\u00e3o foi divulgada pela dire\u00e7\u00e3o do partido.<\/p>\n<p style=\"text-align: right;\"><em><strong>Estad\u00e3o\/Foto: reprodu\u00e7\u00e3o\u00a0<\/strong><\/em><\/p>\n","protected":false},"excerpt":{"rendered":"<p>Depois de mais de dois dias de debate e discuss\u00f5es, o\u00a0Diret\u00f3rio Nacional do PT\u00a0aprovou neste s\u00e1bado, 1\u00ba, uma nova resolu\u00e7\u00e3o pol\u00edtica para orientar os rumos&hellip; <\/p>\n","protected":false},"author":2,"featured_media":74984,"comment_status":"closed","ping_status":"closed","sticky":false,"template":"","format":"standard","meta":{"sfsi_plus_gutenberg_text_before_share":"","sfsi_plus_gutenberg_show_text_before_share":"","sfsi_plus_gutenberg_icon_type":"","sfsi_plus_gutenberg_icon_alignemt":"","sfsi_plus_gutenburg_max_per_row":"","footnotes":""},"categories":[11],"tags":[],"class_list":["post-74983","post","type-post","status-publish","format-standard","has-post-thumbnail","hentry","category-politica"],"_links":{"self":[{"href":"https:\/\/www.caririemacao.com\/1\/wp-json\/wp\/v2\/posts\/74983","targetHints":{"allow":["GET"]}}],"collection":[{"href":"https:\/\/www.caririemacao.com\/1\/wp-json\/wp\/v2\/posts"}],"about":[{"href":"https:\/\/www.caririemacao.com\/1\/wp-json\/wp\/v2\/types\/post"}],"author":[{"embeddable":true,"href":"https:\/\/www.caririemacao.com\/1\/wp-json\/wp\/v2\/users\/2"}],"replies":[{"embeddable":true,"href":"https:\/\/www.caririemacao.com\/1\/wp-json\/wp\/v2\/comments?post=74983"}],"version-history":[{"count":2,"href":"https:\/\/www.caririemacao.com\/1\/wp-json\/wp\/v2\/posts\/74983\/revisions"}],"predecessor-version":[{"id":74986,"href":"https:\/\/www.caririemacao.com\/1\/wp-json\/wp\/v2\/posts\/74983\/revisions\/74986"}],"wp:featuredmedia":[{"embeddable":true,"href":"https:\/\/www.caririemacao.com\/1\/wp-json\/wp\/v2\/media\/74984"}],"wp:attachment":[{"href":"https:\/\/www.caririemacao.com\/1\/wp-json\/wp\/v2\/media?parent=74983"}],"wp:term":[{"taxonomy":"category","embeddable":true,"href":"https:\/\/www.caririemacao.com\/1\/wp-json\/wp\/v2\/categories?post=74983"},{"taxonomy":"post_tag","embeddable":true,"href":"https:\/\/www.caririemacao.com\/1\/wp-json\/wp\/v2\/tags?post=74983"}],"curies":[{"name":"wp","href":"https:\/\/api.w.org\/{rel}","templated":true}]}}