{"id":74989,"date":"2018-12-01T16:07:25","date_gmt":"2018-12-01T19:07:25","guid":{"rendered":"http:\/\/www.caririemacao.com\/1\/?p=74989"},"modified":"2018-12-01T16:07:25","modified_gmt":"2018-12-01T19:07:25","slug":"a-bola-nao-pode-parar-diz-presidente-da-fifa-sobre-final-da-liberta","status":"publish","type":"post","link":"https:\/\/www.caririemacao.com\/1\/2018\/12\/01\/a-bola-nao-pode-parar-diz-presidente-da-fifa-sobre-final-da-liberta\/","title":{"rendered":"&#8216;A bola n\u00e3o pode parar&#8217;, diz presidente da Fifa sobre final da Liberta"},"content":{"rendered":"<p>Em entrevista coletiva concedida neste s\u00e1bado, o presidente da Fifa, Gianni Infantino, reiterou seu desejo de ver a final da\u00a0Libertadores\u00a0ser resolvida dentro de campo. A declara\u00e7\u00e3o vem ap\u00f3s a\u00a0manifesta\u00e7\u00e3o contr\u00e1ria do River de jogar em Madri\u00a0e da afirma\u00e7\u00e3o do Boca,\u00a0que prometeu esgotar as vias legais poss\u00edveis\u00a0para \u201cque se haja justi\u00e7a\u201d, querendo uma defini\u00e7\u00e3o nos tribunais.<\/p>\n<p>\u201cA Conmebol vai ter que tomar uma decis\u00e3o. Minha convic\u00e7\u00e3o \u00e9 que (decis\u00e3o) tem que ser jogada. A bola n\u00e3o pode parar\u201d, revelou o mandat\u00e1rio da principal organiza\u00e7\u00e3o de futebol do mundo.<\/p>\n<p>\u201cExistem uns idiotas que arruinaram a festa. \u00c9 preciso encontr\u00e1-los e tir\u00e1-los\u201d, continuou Infantino, falando sobre os torcedores do River Plate que apedrejaram o \u00f4nibus rival no s\u00e1bado passado, iniciando a confus\u00e3o quanto \u00e0 final da Libertadores.<\/p>\n<p>Na \u00faltima quinta-feira, al\u00e9m da decis\u00e3o do confronto ser realizado no Santiago Bernab\u00e9u, o\u00a0Tribunal de Disciplina da Conmebol negou o pedido do Boca de ser campe\u00e3o sem entrar em campo. O clube solicitou \u00e0 entidade que a ta\u00e7a fosse dada em fun\u00e7\u00e3o das pedras atiradas em dire\u00e7\u00e3o ao \u00f4nibus, que atingiram alguns jogadores.<\/p>\n<p class=\"selectionShareable\">Al\u00e9m disso, ficou determinado que o River Plate ter\u00e1 de pagar uma multa de 400 mil d\u00f3lares (aproximadamente R$ 1,5 milh\u00e3o) e o clube argentino tamb\u00e9m ter\u00e1 de fazer dois jogos das pr\u00f3ximas competi\u00e7\u00f5es sul-americanas que disputar com os port\u00f5es do Monumental de Nu\u00f1ez fechados.<\/p>\n<p style=\"text-align: right;\"><em><strong>Gazeta esportiva\/Foto: Reprodu\u00e7\u00e3o\u00a0<\/strong><\/em><\/p>\n","protected":false},"excerpt":{"rendered":"<p>Em entrevista coletiva concedida neste s\u00e1bado, o presidente da Fifa, Gianni Infantino, reiterou seu desejo de ver a final da\u00a0Libertadores\u00a0ser resolvida dentro de campo. A&hellip; <\/p>\n","protected":false},"author":2,"featured_media":74990,"comment_status":"closed","ping_status":"closed","sticky":false,"template":"","format":"standard","meta":{"sfsi_plus_gutenberg_text_before_share":"","sfsi_plus_gutenberg_show_text_before_share":"","sfsi_plus_gutenberg_icon_type":"","sfsi_plus_gutenberg_icon_alignemt":"","sfsi_plus_gutenburg_max_per_row":"","footnotes":""},"categories":[13],"tags":[],"class_list":["post-74989","post","type-post","status-publish","format-standard","has-post-thumbnail","hentry","category-esportes"],"_links":{"self":[{"href":"https:\/\/www.caririemacao.com\/1\/wp-json\/wp\/v2\/posts\/74989","targetHints":{"allow":["GET"]}}],"collection":[{"href":"https:\/\/www.caririemacao.com\/1\/wp-json\/wp\/v2\/posts"}],"about":[{"href":"https:\/\/www.caririemacao.com\/1\/wp-json\/wp\/v2\/types\/post"}],"author":[{"embeddable":true,"href":"https:\/\/www.caririemacao.com\/1\/wp-json\/wp\/v2\/users\/2"}],"replies":[{"embeddable":true,"href":"https:\/\/www.caririemacao.com\/1\/wp-json\/wp\/v2\/comments?post=74989"}],"version-history":[{"count":1,"href":"https:\/\/www.caririemacao.com\/1\/wp-json\/wp\/v2\/posts\/74989\/revisions"}],"predecessor-version":[{"id":74991,"href":"https:\/\/www.caririemacao.com\/1\/wp-json\/wp\/v2\/posts\/74989\/revisions\/74991"}],"wp:featuredmedia":[{"embeddable":true,"href":"https:\/\/www.caririemacao.com\/1\/wp-json\/wp\/v2\/media\/74990"}],"wp:attachment":[{"href":"https:\/\/www.caririemacao.com\/1\/wp-json\/wp\/v2\/media?parent=74989"}],"wp:term":[{"taxonomy":"category","embeddable":true,"href":"https:\/\/www.caririemacao.com\/1\/wp-json\/wp\/v2\/categories?post=74989"},{"taxonomy":"post_tag","embeddable":true,"href":"https:\/\/www.caririemacao.com\/1\/wp-json\/wp\/v2\/tags?post=74989"}],"curies":[{"name":"wp","href":"https:\/\/api.w.org\/{rel}","templated":true}]}}