{"id":74995,"date":"2018-12-01T16:17:39","date_gmt":"2018-12-01T19:17:39","guid":{"rendered":"http:\/\/www.caririemacao.com\/1\/?p=74995"},"modified":"2018-12-01T16:17:39","modified_gmt":"2018-12-01T19:17:39","slug":"bolsonaro-diz-que-quer-acabar-com-festa-de-multas-do-ibama","status":"publish","type":"post","link":"https:\/\/www.caririemacao.com\/1\/2018\/12\/01\/bolsonaro-diz-que-quer-acabar-com-festa-de-multas-do-ibama\/","title":{"rendered":"Bolsonaro diz que quer acabar com &#8216;festa&#8217; de multas do Ibama"},"content":{"rendered":"<div class=\"mc-column content-text active-extra-styles active-capital-letter\" data-block-type=\"unstyled\" data-block-weight=\"35\" data-block-id=\"2\">\n<p class=\"content-text__container theme-color-primary-first-letter\" data-track-category=\"Link no Texto\" data-track-links=\"\">O presidente eleito,\u00a0Jair Bolsonaro\u00a0(PSL), afirmou neste s\u00e1bado (1\u00ba) que \u00e9 defensor do meio ambiente, mas n\u00e3o vai mais admitir o Instituto Brasileiro do Meio Ambiente (Ibama) &#8220;sair multando a torto e a direito&#8221;.<\/p>\n<\/div>\n<div class=\"wall protected-content\">\n<div class=\"mc-column content-text active-extra-styles \" data-block-type=\"unstyled\" data-block-weight=\"34\" data-block-id=\"3\">\n<p class=\"content-text__container \" data-track-category=\"Link no Texto\" data-track-links=\"\">Ele deu a declara\u00e7\u00e3o a jornalistas, ap\u00f3s participar de solenidade de formatura de cadetes aspirantes a oficial do Ex\u00e9rcito na Academia Militar das Agulhas Negras (Aman), na cidade de Resende, no Rio de Janeiro.<\/p>\n<\/div>\n<div class=\"mc-column content-text active-extra-styles \" data-block-type=\"unstyled\" data-block-weight=\"29\" data-block-id=\"4\">\n<p class=\"content-text__container \" data-track-category=\"Link no Texto\" data-track-links=\"\">Ap\u00f3s o evento, Bolsonaro foi questionado sobre nome para o Minist\u00e9rio do Meio Ambiente. Ele afirmou que todos os nomes em an\u00e1lise &#8220;s\u00e3o bons&#8221; e que ainda n\u00e3o escolheu.<\/p>\n<\/div>\n<div class=\"mc-column content-text active-extra-styles \" data-block-type=\"unstyled\" data-block-weight=\"35\" data-block-id=\"5\">\n<p class=\"content-text__container \" data-track-category=\"Link no Texto\" data-track-links=\"\">Ainda sobre o assunto, ele disse que n\u00e3o haver\u00e1 mais brigas entre os Minist\u00e9rios da Agricultura e do Meio Ambiente e que n\u00e3o vai mais admitir o Ibama &#8220;sair multando a torto e a direito&#8221;.<\/p>\n<\/div>\n<div class=\"mc-column content-text active-extra-styles \" data-block-type=\"unstyled\" data-block-weight=\"30\" data-block-id=\"6\">\n<p class=\"content-text__container \" data-track-category=\"Link no Texto\" data-track-links=\"\">&#8220;N\u00e3o haver\u00e1 mais aquela briga do Minist\u00e9rio da Agricultura e o Meio Ambiente. Eu quero defender, sou defensor do meio ambiente, mas n\u00e3o dessa forma xiita como acontece, n\u00e3o&#8221;, disse.<\/p>\n<p class=\"content-text__container \" data-track-category=\"Link no Texto\" data-track-links=\"\">&#8220;N\u00e3o vou mais admitir o Ibama sair multando a torto e a direito por a\u00ed, bem como o ICMbio [Instituto Chico Mendes de Conserva\u00e7\u00e3o da Biodiversidade]. Essa festa vai acabar&#8221;, concluiu.<\/p>\n<\/div>\n<div class=\"mc-column content-text active-extra-styles \" data-block-type=\"unstyled\" data-block-weight=\"28\" data-block-id=\"8\">\n<p class=\"content-text__container \" data-track-category=\"Link no Texto\" data-track-links=\"\">Bolsonaro disse que j\u00e1 foi alvo de multa ambiental em 2012, no valor de R$ 10 mil, e que est\u00e1 na imin\u00eancia de ser inscrito na d\u00edvida ativa.<\/p>\n<p class=\"content-text__container \" data-track-category=\"Link no Texto\" data-track-links=\"\">&#8220;Vou pagar essa multa? Vou. Mas eu sou uma prova viva do descaso, da parcialidade e do p\u00e9ssimo trabalho prestado por alguns fiscais do Ibama e ICMBio. Isso vai acabar&#8221;, afirmou.<\/p>\n<\/div>\n<div class=\"mc-column content-text active-extra-styles \" data-block-type=\"unstyled\" data-block-weight=\"73\" data-block-id=\"10\">\n<p class=\"content-text__container \" data-track-category=\"Link no Texto\" data-track-links=\"\">Bolsonaro afirmou, ainda, que quer integrar o \u00edndio \u00e0 sociedade. &#8220;Eu quero o bem estar do \u00edndio, eu quero integrar o \u00edndio \u00e0 sociedade. O nosso projeto para o \u00edndio \u00e9 faz\u00ea-lo igual a n\u00f3s. Eles t\u00eam as mesmas necessidades de n\u00f3s. Agora, n\u00e3o podemos admitir que, via Funai, o \u00edndio n\u00e3o possa ter o tratamento adequado. O \u00edndio quer m\u00e9dico, quer dentista, quer televis\u00e3o, quer internet. Ele \u00e9 igualzinho a n\u00f3s&#8221;, disse.<\/p>\n<\/div>\n<div class=\"mc-column content-text active-extra-styles \" data-block-type=\"unstyled\" data-block-weight=\"24\" data-block-id=\"12\">\n<p class=\"content-text__container \" data-track-category=\"Link no Texto\" data-track-links=\"\">O presidente eleito declarou que as pol\u00edticas indigenistas e ambientais no pa\u00eds &#8220;n\u00e3o trabalham em prol do Brasil, mas em prol de &#8220;interesses extraterrit\u00f3rio&#8221;.<\/p>\n<\/div>\n<div class=\"mc-column content-text active-extra-styles \" data-block-type=\"unstyled\" data-block-weight=\"50\" data-block-id=\"13\">\n<p class=\"content-text__container \" data-track-category=\"Link no Texto\" data-track-links=\"\">&#8220;Podemos ter um Jap\u00e3o dentro do Brasil. Por que n\u00e3o temos? Porque h\u00e1 uma pol\u00edtica completamente equivocada indigenista e ambiental. Temos tudo para ser uma grande na\u00e7\u00e3o. Mas, por causa de uma pol\u00edtica tacanha e mesquinha, que \u00e9 potencializada na quest\u00e3o ambiental e indigenista, continuamos aqui patinando na economia&#8221;, disse.<\/p>\n<\/div>\n<div class=\"mc-column content-text active-extra-styles \" data-block-type=\"unstyled\" data-block-weight=\"23\" data-block-id=\"14\">\n<p class=\"content-text__container \" data-track-category=\"Link no Texto\" data-track-links=\"\">Nesta sexta-feira (30), ap\u00f3s compromisso em Cachoeira Paulista (SP), Bolsonaro afirmou que\u00a0manter \u00edndios em reservas demarcadas \u00e9 trat\u00e1-los como animais em zool\u00f3gicos.<\/p>\n<\/div>\n<div class=\"row medium-uncollapsed content-media content-photo\" data-block-type=\"backstage-photo\" data-block-id=\"15\">\n<div class=\"mc-column content-media__container\">\n<p class=\"content-media__description \"><strong>Sal\u00e1rio dos militares<\/strong><\/p>\n<\/div>\n<\/div>\n<div class=\"mc-column content-text active-extra-styles \" data-block-type=\"unstyled\" data-block-weight=\"36\" data-block-id=\"17\">\n<p class=\"content-text__container \" data-track-category=\"Link no Texto\" data-track-links=\"\">Durante a entrevista, Bolsonaro foi questionado sobre a inten\u00e7\u00e3o de aumentar o contingente das For\u00e7as Armadas. Bolsonaro disse que tem conversas a respeito com os chefes das For\u00e7as Armadas, e defendeu melhoria na remunera\u00e7\u00e3o dos militares.<\/p>\n<\/div>\n<div class=\"mc-column content-text active-extra-styles \" data-block-type=\"unstyled\" data-block-weight=\"62\" data-block-id=\"18\">\n<p class=\"content-text__container \" data-track-category=\"Link no Texto\" data-track-links=\"\">&#8220;Nosso contingente \u00e9 pequeno, mas sabemos das dificuldades que a na\u00e7\u00e3o atravessa. O que n\u00f3s devemos \u00e9 dar um sal\u00e1rio compat\u00edvel para com eles, botar em vota\u00e7\u00e3o a medida provis\u00f3ria 2215 [MP de 2001 que prev\u00ea a reestrutura\u00e7\u00e3o da remunera\u00e7\u00e3o dos militares das For\u00e7as Armadas]; n\u00e3o foi votada ainda, isso \u00e9 uma excresc\u00eancia, \u00e9 um descaso para com as for\u00e7as armadas&#8221;, afirmou.<\/p>\n<\/div>\n<div class=\"mc-column content-text active-extra-styles\" data-block-type=\"raw\" data-block-weight=\"3\" data-block-id=\"19\">\n<div class=\"content-intertitle\">\n<p><strong>Solenidade em Resende<\/strong><\/p>\n<\/div>\n<\/div>\n<div class=\"mc-column content-text active-extra-styles \" data-block-type=\"unstyled\" data-block-weight=\"34\" data-block-id=\"21\">\n<p class=\"content-text__container \" data-track-category=\"Link no Texto\" data-track-links=\"\">Durante a solenidade, 427 cadetes receberam a gradua\u00e7\u00e3o de bacharel em ci\u00eancias militares e a espada de oficial do Ex\u00e9rcito, depois de 4 anos de estudos. Bolsonaro estudou na Aman entre 1974 e 1977.<\/p>\n<\/div>\n<div class=\"mc-column content-text active-extra-styles \" data-block-type=\"unstyled\" data-block-weight=\"43\" data-block-id=\"22\">\n<p class=\"content-text__container \" data-track-category=\"Link no Texto\" data-track-links=\"\">De acordo com o Ex\u00e9rcito, a solenidade de formatura do oficial de carreira \u00e9 uma das mais importantes da Academia. A Aman forma oficiais de infantaria, cavalaria, artilharia, engenharia e comunica\u00e7\u00f5es,al\u00e9m do quadro de material b\u00e9lico e do servi\u00e7o de intend\u00eancia do Ex\u00e9rcito.<\/p>\n<\/div>\n<div class=\"mc-column content-text active-extra-styles \" data-block-type=\"unstyled\" data-block-weight=\"22\" data-block-id=\"23\">\n<p class=\"content-text__container \" data-track-category=\"Link no Texto\" data-track-links=\"\">A solenidade contou com a presen\u00e7a de familiares, convidados, autoridades militares e o governador eleito do Rio de Janeiro,\u00a0Wilson Witzel\u00a0(PSC).<\/p>\n<\/div>\n<div class=\"mc-column content-text active-extra-styles \" data-block-type=\"unstyled\" data-block-weight=\"11\" data-block-id=\"24\">\n<p class=\"content-text__container \" data-track-category=\"Link no Texto\" data-track-links=\"\">Ap\u00f3s o evento, Bolsonaro parabenizou os formandos em declara\u00e7\u00e3o no Twitter.<\/p>\n<p class=\"content-text__container \" data-track-category=\"Link no Texto\" data-track-links=\"\">Ontem, em Guaratinguet\u00e1-SP, na formatura dos Sargentos da Aeron\u00e1utica, na Escola de Especialistas (EEAR). Hoje, em Resende-RJ, parabenizo os mais de 420 Aspirantes-a-Oficial formandos na Academia Militar das Agulhas Negras (AMAN). Brasil Acima de Tudo! Deus Acima de Todos!<\/p>\n<\/div>\n<div class=\"mc-column\" data-block-type=\"embed-social-twitter\" data-block-id=\"25\">\n<div class=\"SandboxRoot env-bp-350\" data-twitter-event-id=\"0\">\n<div id=\"twitter-widget-0\" class=\"EmbeddedTweet js-clickToOpenTarget tweet-InformationCircle-widgetParent\" lang=\"en\" data-click-to-open-target=\"https:\/\/twitter.com\/jairbolsonaro\/status\/1068874487272222720\" data-iframe-title=\"Twitter Tweet\" data-scribe=\"page:tweet\" data-twitter-event-id=\"3\">\n<div class=\"EmbeddedTweet-tweetContainer\">\n<div class=\"EmbeddedTweet-tweet\">\n<blockquote class=\"Tweet h-entry js-tweetIdInfo subject expanded\" cite=\"https:\/\/twitter.com\/jairbolsonaro\/status\/1068874487272222720\" data-tweet-id=\"1068874487272222720\" data-scribe=\"section:subject\">\n<div class=\"Tweet-body e-entry-content\" data-scribe=\"component:tweet\"><\/div>\n<\/blockquote>\n<\/div>\n<\/div>\n<\/div>\n<\/div>\n<\/div>\n<div class=\"mc-column content-media content-video\" data-block-type=\"backstage-video\" data-block-id=\"26\">\n<div class=\"content-media__container content-media__container--loaded\">\n<div class=\"content-video__placeholder\" data-video-id=\"7201419\">Jair Bolsonaro participou neste s\u00e1bado (1\u00ba) de solenidade de formatura de cadetes<\/div>\n<\/div>\n<\/div>\n<div class=\"mc-column content-text active-extra-styles\" data-block-type=\"raw\" data-block-weight=\"3\" data-block-id=\"28\">\n<div class=\"content-intertitle\">\n<p><strong>Militares no governo<\/strong><\/p>\n<\/div>\n<\/div>\n<div class=\"mc-column content-text active-extra-styles \" data-block-type=\"unstyled\" data-block-weight=\"37\" data-block-id=\"29\">\n<p class=\"content-text__container \" data-track-category=\"Link no Texto\" data-track-links=\"\">Nesta sexta-feira (30), Jair Bolsonaro indicou o 7\u00ba militar para compor sua equipe de governo. Ele anunciou, por meio do Twitter, o almirante-de-esquadra Bento Costa Lima Leite de Albuquerque J\u00fanior como\u00a0futuro ministro de Minas e Energia.<\/p>\n<p class=\"content-text__container \" data-track-category=\"Link no Texto\" data-track-links=\"\">Bom dia! Comunico a indica\u00e7\u00e3o do Diretor Geral de Desenvolvimento Nuclear e Tecnol\u00f3gico da Marinha, Almirante de Esquadra Bento Costa Lima Leite de Albuquerque Junior, para o cargo de Ministro de Minas e Energia.<\/p>\n<\/div>\n<div class=\"mc-column content-text active-extra-styles \" data-block-type=\"unstyled\" data-block-weight=\"63\" data-block-id=\"31\">\n<p class=\"content-text__container \" data-track-category=\"Link no Texto\" data-track-links=\"\">Cinco futuros ministros fizeram carreira no Ex\u00e9rcito: os generais\u00a0Augusto Heleno\u00a0(GSI),\u00a0Fernando Azevedo e Silva\u00a0(Defesa) e\u00a0Carlos Alberto dos Santos Cruz\u00a0(Secretaria de Governo), al\u00e9m de\u00a0Wagner Ros\u00e1rio\u00a0(CGU), graduado em Ci\u00eancias Militares pela Aman, e\u00a0Tarc\u00edsio Freitas\u00a0(Infraestrutura) , engenheiro formado pelo Instituto Militar de Engenharia. O tenente-coronel\u00a0Marcos Pontes\u00a0(Ci\u00eancia e Tecnologia) entrou na For\u00e7a A\u00e9rea Brasileira em 1981.<\/p>\n<\/div>\n<div class=\"mc-column content-text active-extra-styles \" data-block-type=\"unstyled\" data-block-weight=\"17\" data-block-id=\"33\">\n<p class=\"content-text__container \" data-track-category=\"Link no Texto\" data-track-links=\"\">Tamb\u00e9m nesta sexta, Bolsonaro participou de uma\u00a0formatura na Escola de Especialistas da Aeron\u00e1utica, em Guaratinguet\u00e1 (SP).<\/p>\n<\/div>\n<div class=\"mc-column content-text active-extra-styles \" data-block-type=\"unstyled\" data-block-weight=\"18\" data-block-id=\"34\">\n<p class=\"content-text__container \" data-track-category=\"Link no Texto\" data-track-links=\"\">Na ocasi\u00e3o, questionado sobre indulto para presos, ele afirmou que a pena deve ser cumprida de forma integral.<\/p>\n<\/div>\n<div class=\"mc-column content-text active-extra-styles \" data-block-type=\"unstyled\" data-block-weight=\"30\" data-block-id=\"35\">\n<p class=\"content-text__container \" data-track-category=\"Link no Texto\" data-track-links=\"\">Nesta semana, o assunto ganhou espa\u00e7o com a retomada de\u00a0julgamento no Supremo Tribunal Federal\u00a0(STF) sobre a validade do indulto concedido pelo presidente Michel Temer em dezembro de 2017.<\/p>\n<p style=\"text-align: right;\" data-track-category=\"Link no Texto\" data-track-links=\"\"><em><strong>G1\/Foto: Internet\u00a0<\/strong><\/em><\/p>\n<\/div>\n<\/div>\n","protected":false},"excerpt":{"rendered":"<p>O presidente eleito,\u00a0Jair Bolsonaro\u00a0(PSL), afirmou neste s\u00e1bado (1\u00ba) que \u00e9 defensor do meio ambiente, mas n\u00e3o vai mais admitir o Instituto Brasileiro do Meio Ambiente&hellip; <\/p>\n","protected":false},"author":2,"featured_media":72536,"comment_status":"closed","ping_status":"closed","sticky":false,"template":"","format":"standard","meta":{"sfsi_plus_gutenberg_text_before_share":"","sfsi_plus_gutenberg_show_text_before_share":"","sfsi_plus_gutenberg_icon_type":"","sfsi_plus_gutenberg_icon_alignemt":"","sfsi_plus_gutenburg_max_per_row":"","footnotes":""},"categories":[2],"tags":[],"class_list":["post-74995","post","type-post","status-publish","format-standard","has-post-thumbnail","hentry","category-geral"],"_links":{"self":[{"href":"https:\/\/www.caririemacao.com\/1\/wp-json\/wp\/v2\/posts\/74995","targetHints":{"allow":["GET"]}}],"collection":[{"href":"https:\/\/www.caririemacao.com\/1\/wp-json\/wp\/v2\/posts"}],"about":[{"href":"https:\/\/www.caririemacao.com\/1\/wp-json\/wp\/v2\/types\/post"}],"author":[{"embeddable":true,"href":"https:\/\/www.caririemacao.com\/1\/wp-json\/wp\/v2\/users\/2"}],"replies":[{"embeddable":true,"href":"https:\/\/www.caririemacao.com\/1\/wp-json\/wp\/v2\/comments?post=74995"}],"version-history":[{"count":1,"href":"https:\/\/www.caririemacao.com\/1\/wp-json\/wp\/v2\/posts\/74995\/revisions"}],"predecessor-version":[{"id":74996,"href":"https:\/\/www.caririemacao.com\/1\/wp-json\/wp\/v2\/posts\/74995\/revisions\/74996"}],"wp:featuredmedia":[{"embeddable":true,"href":"https:\/\/www.caririemacao.com\/1\/wp-json\/wp\/v2\/media\/72536"}],"wp:attachment":[{"href":"https:\/\/www.caririemacao.com\/1\/wp-json\/wp\/v2\/media?parent=74995"}],"wp:term":[{"taxonomy":"category","embeddable":true,"href":"https:\/\/www.caririemacao.com\/1\/wp-json\/wp\/v2\/categories?post=74995"},{"taxonomy":"post_tag","embeddable":true,"href":"https:\/\/www.caririemacao.com\/1\/wp-json\/wp\/v2\/tags?post=74995"}],"curies":[{"name":"wp","href":"https:\/\/api.w.org\/{rel}","templated":true}]}}