{"id":74997,"date":"2018-12-01T16:21:51","date_gmt":"2018-12-01T19:21:51","guid":{"rendered":"http:\/\/www.caririemacao.com\/1\/?p=74997"},"modified":"2018-12-01T16:24:22","modified_gmt":"2018-12-01T19:24:22","slug":"pf-abre-inquerito-para-investigar-elo-de-paulo-guedes-com-suspeitas-em-fundos-de-pensao","status":"publish","type":"post","link":"https:\/\/www.caririemacao.com\/1\/2018\/12\/01\/pf-abre-inquerito-para-investigar-elo-de-paulo-guedes-com-suspeitas-em-fundos-de-pensao\/","title":{"rendered":"PF abre inqu\u00e9rito para investigar elo de Paulo Guedes com suspeitas em fundos de pens\u00e3o"},"content":{"rendered":"<div class=\"mc-column content-text active-extra-styles active-capital-letter\" data-block-type=\"unstyled\" data-block-weight=\"49\" data-block-id=\"2\">\n<p class=\"content-text__container theme-color-primary-first-letter\" data-track-category=\"Link no Texto\" data-track-links=\"\">A Pol\u00edcia Federal (PF) instaurou um inqu\u00e9rito para apurar se o economista\u00a0Paulo Guedes, futuro ministro da Economia do governo de\u00a0Jair Bolsonaro\u00a0(PSL), cometeu irregularidades na gest\u00e3o financeira de fundos de investimento. A PF atendeu\u00a0pedido do Minist\u00e9rio P\u00fablico Federal\u00a0(MPF), que havia requisitado o inqu\u00e9rito em outubro.<\/p>\n<\/div>\n<div class=\"wall protected-content\">\n<div class=\"mc-column content-text active-extra-styles \" data-block-type=\"unstyled\" data-block-weight=\"78\" data-block-id=\"3\">\n<p class=\"content-text__container \" data-track-category=\"Link no Texto\" data-track-links=\"\">Em nota, a defesa de Paulo Guedes afirmou que ele agiu corretamente em todas as opera\u00e7\u00f5es envolvendo fundos. &#8220;A defesa de Paulo Guedes reafirma a lisura de todas as opera\u00e7\u00f5es do fundo que, diga-se de passagem, deu lucro aos cotistas, incluindo os Fundos de Pens\u00e3o. Espera tamb\u00e9m que a investiga\u00e7\u00e3o \u2013 agora corretamente conduzida no \u00e2mbito da Pol\u00edcia Federal \u2013 apure as incoer\u00eancias do relat\u00f3rio irregular produzido na Previc&#8221;, disseram os advogados Ticiano Figueiredo e Pedro Ivo Velloso.<\/p>\n<\/div>\n<div class=\"mc-column content-text active-extra-styles \" data-block-type=\"unstyled\" data-block-weight=\"63\" data-block-id=\"4\">\n<p class=\"content-text__container \" data-track-category=\"Link no Texto\" data-track-links=\"\">A partir de janeiro, quando virar ministro, a apura\u00e7\u00e3o preliminar sobre Paulo Guedes poder\u00e1 ser reavaliada pela Procuradoria-Geral da Rep\u00fablica (PGR) em raz\u00e3o do foro privilegiado que ele passar\u00e1 a ter. Mas, como o Supremo Tribunal Federal (STF) limitou o foro para suspeitas relacionadas ao cargo inclusive para ministros de Estado, a expectativa \u00e9 de que essa investiga\u00e7\u00e3o prossiga mesmo na primeira inst\u00e2ncia.<\/p>\n<\/div>\n<div class=\"mc-column content-text active-extra-styles \" data-block-type=\"unstyled\" data-block-weight=\"33\" data-block-id=\"5\">\n<p class=\"content-text__container \" data-track-category=\"Link no Texto\" data-track-links=\"\">A PF vai apurar se os investimentos do fundos foram aprovados sem an\u00e1lise adequada e se geraram lucros excessivos a Guedes. Tamb\u00e9m vai verificar a aplica\u00e7\u00e3o de recursos recebidos por Guedes dos fundos.<\/p>\n<\/div>\n<div class=\"mc-column content-text active-extra-styles\" data-block-type=\"raw\" data-block-weight=\"1\" data-block-id=\"6\">\n<div class=\"content-intertitle\">\n<p><strong>Investiga\u00e7\u00e3o<\/strong><\/p>\n<\/div>\n<\/div>\n<div class=\"mc-column content-text active-extra-styles \" data-block-type=\"unstyled\" data-block-weight=\"19\" data-block-id=\"7\">\n<p class=\"content-text__container \" data-track-category=\"Link no Texto\" data-track-links=\"\">No procedimento j\u00e1 aberto pelo Minist\u00e9rio P\u00fablico Federal, est\u00e1 previsto um\u00a0depoimento de Paulo Guedes\u00a0na pr\u00f3xima quarta-feira (5\/12).<\/p>\n<\/div>\n<div class=\"mc-column content-text active-extra-styles \" data-block-type=\"unstyled\" data-block-weight=\"41\" data-block-id=\"8\">\n<p class=\"content-text__container \" data-track-category=\"Link no Texto\" data-track-links=\"\">De acordo com o MPF, dois fundos de investimentos criados por Paulo Guedes tinham a promessa de receber R$ 1 bilh\u00e3o de sete fundos de pens\u00e3o, a partir de 2009. A investiga\u00e7\u00e3o n\u00e3o aponta quanto deste dinheiro foi, de fato, investido.<\/p>\n<\/div>\n<div class=\"mc-column content-text active-extra-styles \" data-block-type=\"unstyled\" data-block-weight=\"55\" data-block-id=\"9\">\n<p class=\"content-text__container \" data-track-category=\"Link no Texto\" data-track-links=\"\">No primeiro ano, 2009, os investimentos dos fundos de pens\u00e3o somaram mais de R$ 60 milh\u00f5es. Chamou a aten\u00e7\u00e3o dos investigadores que os quatro fundos de pens\u00e3o que mais investiram com Paulo Guedes na \u00e9poca, Previ, Petros, Funcef e Postalis, s\u00e3o hoje alvos de opera\u00e7\u00f5es de for\u00e7as-tarefas, com foco nesta modalidade de investimento, o FIP.<\/p>\n<\/div>\n<div class=\"content-ads content-ads--reveal\" data-block-type=\"ads\" data-block-id=\"10\">\n<div id=\"banner_materia2\" class=\"tag-manager-publicidade-container has-reveal has-ad-lazyload tag-manager-publicidade-banner_materia2 tag-manager-publicidade-container--carregado tag-manager-publicidade-container--visivel\" data-id=\"banner_materia2\" data-google-query-id=\"CLb347ms_94CFYJ3wQod3fQNCQ\" data-cid=\"138252357180\" data-lid=\"4866586204\">\n<div id=\"google_ads_iframe_\/95377733\/tvg_G1\/Politica_2__container__\">De acordo com o MP, depois de receber os recursos dos fundos de pens\u00e3o, o Fundo BR Educacional investiu o dinheiro de seus cotistas em apenas uma empresa, a HSM Educacional S\/A, tamb\u00e9m controlada por Paulo Guedes.<\/div>\n<\/div>\n<\/div>\n<div class=\"mc-column content-text active-extra-styles \" data-block-type=\"unstyled\" data-block-weight=\"53\" data-block-id=\"12\">\n<p class=\"content-text__container \" data-track-category=\"Link no Texto\" data-track-links=\"\">Com o investimento dos fundos, a HSM Educacional comprou 100% do capital de outra empresa criada por Paulo Guedes, a HSM do Brasil S\/A. E os investigadores registraram: &#8220;Nos chama a aten\u00e7\u00e3o o \u00e1gio de 16,5 milh\u00f5es de reais pago pelas a\u00e7\u00f5es da HSM do Brasil, conforme registrado nas demonstra\u00e7\u00f5es cont\u00e1beis da investida&#8221;.<\/p>\n<\/div>\n<div class=\"mc-column content-text active-extra-styles \" data-block-type=\"unstyled\" data-block-weight=\"20\" data-block-id=\"13\">\n<p class=\"content-text__container \" data-track-category=\"Link no Texto\" data-track-links=\"\">E concluem: &#8220;Cabe indagar a raz\u00e3o de pagamento de \u00e1gio em montante consider\u00e1vel \u00e0 empresa vendedora, com sede na Argentina&#8221;.<\/p>\n<\/div>\n<div class=\"mc-column content-text active-extra-styles \" data-block-type=\"unstyled\" data-block-weight=\"21\" data-block-id=\"14\">\n<p class=\"content-text__container \" data-track-category=\"Link no Texto\" data-track-links=\"\">Segundo os investigadores, depois dos investimentos dos fundos de pens\u00e3o, as atividades operacionais da HSM do Brasil S\/A apresentaram preju\u00edzos recorrentes.<\/p>\n<\/div>\n<div data-track-category=\"fim do conteudo\" data-track-action=\"ultimo chunk conteudo\" data-track-noninteraction=\"false\" data-track-scroll=\"entrada completa viewport\">\n<div class=\"mc-column content-text active-extra-styles \" data-block-type=\"unstyled\" data-block-weight=\"48\" data-block-id=\"15\">\n<p class=\"content-text__container \" data-track-category=\"Link no Texto\" data-track-links=\"\">A suspeita \u00e9 que os investimentos dos fundos de pens\u00e3o tenham sido aprovados sem uma an\u00e1lise adequada e tenham gerado lucros excessivos a Paulo Guedes. Por isso, os procuradores querem saber como os fundos de pens\u00e3o decidiram investir na empresa de Guedes e como foi aplicado esse dinheiro.<\/p>\n<p style=\"text-align: right;\" data-track-category=\"Link no Texto\" data-track-links=\"\"><em><strong>G1<\/strong><\/em><\/p>\n<\/div>\n<\/div>\n<\/div>\n","protected":false},"excerpt":{"rendered":"<p>A Pol\u00edcia Federal (PF) instaurou um inqu\u00e9rito para apurar se o economista\u00a0Paulo Guedes, futuro ministro da Economia do governo de\u00a0Jair Bolsonaro\u00a0(PSL), cometeu irregularidades na gest\u00e3o&hellip; <\/p>\n","protected":false},"author":2,"featured_media":74998,"comment_status":"closed","ping_status":"closed","sticky":false,"template":"","format":"standard","meta":{"sfsi_plus_gutenberg_text_before_share":"","sfsi_plus_gutenberg_show_text_before_share":"","sfsi_plus_gutenberg_icon_type":"","sfsi_plus_gutenberg_icon_alignemt":"","sfsi_plus_gutenburg_max_per_row":"","footnotes":""},"categories":[11],"tags":[],"class_list":["post-74997","post","type-post","status-publish","format-standard","has-post-thumbnail","hentry","category-politica"],"_links":{"self":[{"href":"https:\/\/www.caririemacao.com\/1\/wp-json\/wp\/v2\/posts\/74997","targetHints":{"allow":["GET"]}}],"collection":[{"href":"https:\/\/www.caririemacao.com\/1\/wp-json\/wp\/v2\/posts"}],"about":[{"href":"https:\/\/www.caririemacao.com\/1\/wp-json\/wp\/v2\/types\/post"}],"author":[{"embeddable":true,"href":"https:\/\/www.caririemacao.com\/1\/wp-json\/wp\/v2\/users\/2"}],"replies":[{"embeddable":true,"href":"https:\/\/www.caririemacao.com\/1\/wp-json\/wp\/v2\/comments?post=74997"}],"version-history":[{"count":2,"href":"https:\/\/www.caririemacao.com\/1\/wp-json\/wp\/v2\/posts\/74997\/revisions"}],"predecessor-version":[{"id":75000,"href":"https:\/\/www.caririemacao.com\/1\/wp-json\/wp\/v2\/posts\/74997\/revisions\/75000"}],"wp:featuredmedia":[{"embeddable":true,"href":"https:\/\/www.caririemacao.com\/1\/wp-json\/wp\/v2\/media\/74998"}],"wp:attachment":[{"href":"https:\/\/www.caririemacao.com\/1\/wp-json\/wp\/v2\/media?parent=74997"}],"wp:term":[{"taxonomy":"category","embeddable":true,"href":"https:\/\/www.caririemacao.com\/1\/wp-json\/wp\/v2\/categories?post=74997"},{"taxonomy":"post_tag","embeddable":true,"href":"https:\/\/www.caririemacao.com\/1\/wp-json\/wp\/v2\/tags?post=74997"}],"curies":[{"name":"wp","href":"https:\/\/api.w.org\/{rel}","templated":true}]}}