{"id":75002,"date":"2018-12-01T16:28:40","date_gmt":"2018-12-01T19:28:40","guid":{"rendered":"http:\/\/www.caririemacao.com\/1\/?p=75002"},"modified":"2018-12-01T16:28:40","modified_gmt":"2018-12-01T19:28:40","slug":"duas-motos-sao-roubadas-em-menos-de-uma-semana-na-cidade-de-taperoa","status":"publish","type":"post","link":"https:\/\/www.caririemacao.com\/1\/2018\/12\/01\/duas-motos-sao-roubadas-em-menos-de-uma-semana-na-cidade-de-taperoa\/","title":{"rendered":"Duas motos s\u00e3o roubadas em menos de uma semana na cidade de Tapero\u00e1"},"content":{"rendered":"<p>Uma onda de assaltos a motos vem sendo registradas na cidade de Tapero\u00e1, cariri paraibano. Duas motos foram roubadas em menos de uma semana na cidade.<\/p>\n<div class=\"text_exposed_show\">\n<p>Na noite de desta quinta-feira (29), por volta d\u00e1s 21hs, o cidad\u00e3o Tarcisio Leite, residente no centro da cidade de Tapero\u00e1, teve sua moto 150, ano 2009 de cor prata, roubada da frente da sua resid\u00eancia.<\/p>\n<p>A v\u00edtima informou que chegou em sua moto e deixou na frente , Ele adentrou para sua casa e ao retornar viu que sua moto n\u00e3o se encontrava na cal\u00e7ada. A policia fez dilig\u00eancias em busca dos meliantes, mas at\u00e9 o fechamento da mat\u00e9ria a moto n\u00e3o tinha sido encontrada.<\/p>\n<p style=\"text-align: right;\"><em><strong>Vitrine do Cariri\u00a0<\/strong><\/em><\/p>\n<\/div>\n","protected":false},"excerpt":{"rendered":"<p>Uma onda de assaltos a motos vem sendo registradas na cidade de Tapero\u00e1, cariri paraibano. Duas motos foram roubadas em menos de uma semana na&hellip; <\/p>\n","protected":false},"author":2,"featured_media":53834,"comment_status":"closed","ping_status":"closed","sticky":false,"template":"","format":"standard","meta":{"sfsi_plus_gutenberg_text_before_share":"","sfsi_plus_gutenberg_show_text_before_share":"","sfsi_plus_gutenberg_icon_type":"","sfsi_plus_gutenberg_icon_alignemt":"","sfsi_plus_gutenburg_max_per_row":"","footnotes":""},"categories":[12],"tags":[],"class_list":["post-75002","post","type-post","status-publish","format-standard","has-post-thumbnail","hentry","category-policia"],"_links":{"self":[{"href":"https:\/\/www.caririemacao.com\/1\/wp-json\/wp\/v2\/posts\/75002","targetHints":{"allow":["GET"]}}],"collection":[{"href":"https:\/\/www.caririemacao.com\/1\/wp-json\/wp\/v2\/posts"}],"about":[{"href":"https:\/\/www.caririemacao.com\/1\/wp-json\/wp\/v2\/types\/post"}],"author":[{"embeddable":true,"href":"https:\/\/www.caririemacao.com\/1\/wp-json\/wp\/v2\/users\/2"}],"replies":[{"embeddable":true,"href":"https:\/\/www.caririemacao.com\/1\/wp-json\/wp\/v2\/comments?post=75002"}],"version-history":[{"count":1,"href":"https:\/\/www.caririemacao.com\/1\/wp-json\/wp\/v2\/posts\/75002\/revisions"}],"predecessor-version":[{"id":75003,"href":"https:\/\/www.caririemacao.com\/1\/wp-json\/wp\/v2\/posts\/75002\/revisions\/75003"}],"wp:featuredmedia":[{"embeddable":true,"href":"https:\/\/www.caririemacao.com\/1\/wp-json\/wp\/v2\/media\/53834"}],"wp:attachment":[{"href":"https:\/\/www.caririemacao.com\/1\/wp-json\/wp\/v2\/media?parent=75002"}],"wp:term":[{"taxonomy":"category","embeddable":true,"href":"https:\/\/www.caririemacao.com\/1\/wp-json\/wp\/v2\/categories?post=75002"},{"taxonomy":"post_tag","embeddable":true,"href":"https:\/\/www.caririemacao.com\/1\/wp-json\/wp\/v2\/tags?post=75002"}],"curies":[{"name":"wp","href":"https:\/\/api.w.org\/{rel}","templated":true}]}}