{"id":75004,"date":"2018-12-01T16:32:08","date_gmt":"2018-12-01T19:32:08","guid":{"rendered":"http:\/\/www.caririemacao.com\/1\/?p=75004"},"modified":"2018-12-01T16:32:08","modified_gmt":"2018-12-01T19:32:08","slug":"encontro-de-educacao-popular-no-sus-da-paraiba-acontece-em-joao-pessoa","status":"publish","type":"post","link":"https:\/\/www.caririemacao.com\/1\/2018\/12\/01\/encontro-de-educacao-popular-no-sus-da-paraiba-acontece-em-joao-pessoa\/","title":{"rendered":"Encontro de Educa\u00e7\u00e3o Popular no SUS da Para\u00edba acontece em Jo\u00e3o Pessoa"},"content":{"rendered":"<p>Nesta sexta-feira (30), pela manh\u00e3, foi aberto o \u201cEncontro de Educa\u00e7\u00e3o Popular no SUS da Para\u00edba\u201d, que tem o objetivo de articular os sujeitos do tema e avan\u00e7ar na elabora\u00e7\u00e3o da Pol\u00edtica Estadual de Educa\u00e7\u00e3o Popular em Sa\u00fade. O evento est\u00e1 acontecendo no Hotel Cai\u00e7ara, em Tamba\u00fa, na capital, e continua neste s\u00e1bado (1\u00ba).<\/p>\n<p>O Encontro est\u00e1 sendo realizado pelo Comit\u00ea Estadual de Educa\u00e7\u00e3o Popular em Sa\u00fade da Para\u00edba, com o apoio da Secretaria de Estado da Sa\u00fade (SES). \u201cA educa\u00e7\u00e3o popular \u00e9 uma forma de ser, estar e fazer no mundo, respeitando as diferen\u00e7as e construindo juntos\u201d, afirmou o diretor do Centro Formador de Recursos Humanos (Cefor-PB) da SES, Fernando Lopes.<\/p>\n<p>Para a representante do Comit\u00ea, Drica T\u00f3foli, o evento \u00e9 uma forma de agregar, cada vez mais, a educa\u00e7\u00e3o popular em sa\u00fade no estado. \u201cIniciamos as a\u00e7\u00f5es do comit\u00ea h\u00e1 cerca de dois anos, ou seja, ainda estamos engatinhando, mas neste encontro queremos dar um grande passo na constru\u00e7\u00e3o da Pol\u00edtica Estadual de Educa\u00e7\u00e3o Popular em Sa\u00fade\u201d, falou.<\/p>\n<p>Um dos palestrantes na abertura do evento foi o m\u00e9dico, professor aposentado da UFPB e mestre em educa\u00e7\u00e3o popular desde 1974, Eymard Vasconcelos. \u201cA educa\u00e7\u00e3o popular d\u00e1 pra ser feita na institui\u00e7\u00e3o p\u00fablica e tamb\u00e9m deve ser usada como instrumento de gest\u00e3o, pois grande parte do que temos na sa\u00fade vem da educa\u00e7\u00e3o popular\u201d, comentou.<\/p>\n<p>A professora da Escola T\u00e9cnica de Sa\u00fade da UFPB, Gildeci Alves, tamb\u00e9m faz parte do Comit\u00ea. Ela define a educa\u00e7\u00e3o popular como um jeito especial de conduzir o processo educativo no setor sa\u00fade. \u201cUma pessoa que \u00e9 atendida pelo SUS deve, antes de tudo, ser ouvida, com o seu contexto de vida, di\u00e1logo, v\u00ednculo e compartilhamento do saber. Isso \u00e9 um bom exemplo de educa\u00e7\u00e3o popular no SUS\u201d, concluiu.<\/p>\n<p>Programa\u00e7\u00e3o<\/p>\n<p>Sexta (30) \u2013 Tarde<\/p>\n<p>Rodas de conversa, com v\u00e1rios temas, entre eles, \u201cUm olhar da gest\u00e3o estadual\u201d, com a secret\u00e1ria executiva de Estado da Sa\u00fade, Maura Sobreira; \u201cUm olhar da juventude\u201d, com o residente de Medicina de Fam\u00edlia e Comunidade da UFPB; \u201cUm olhar do Legislativo\u201d, com a deputada estadual Estela Bezerra e \u201cUm olhar do profissional de sa\u00fade\u201d, com a ACS, de Cajazeiras, Maria Ednalda.<\/p>\n<p>S\u00e1bado (1\u00ba) \u2013 manh\u00e3<\/p>\n<p>Discuss\u00e3o das propostas para o fortalecimento da Pol\u00edtica de Educa\u00e7\u00e3o Popular da Sa\u00fade<\/p>\n<p>Avalia\u00e7\u00e3o e encerramento.<\/p>\n<p><em><strong>Para\u00edba J\u00e1\/Foto: Reprodu\u00e7\u00e3o\u00a0<\/strong><\/em><\/p>\n","protected":false},"excerpt":{"rendered":"<p>Nesta sexta-feira (30), pela manh\u00e3, foi aberto o \u201cEncontro de Educa\u00e7\u00e3o Popular no SUS da Para\u00edba\u201d, que tem o objetivo de articular os sujeitos do&hellip; <\/p>\n","protected":false},"author":2,"featured_media":75005,"comment_status":"closed","ping_status":"closed","sticky":false,"template":"","format":"standard","meta":{"sfsi_plus_gutenberg_text_before_share":"","sfsi_plus_gutenberg_show_text_before_share":"","sfsi_plus_gutenberg_icon_type":"","sfsi_plus_gutenberg_icon_alignemt":"","sfsi_plus_gutenburg_max_per_row":"","footnotes":""},"categories":[14],"tags":[],"class_list":["post-75004","post","type-post","status-publish","format-standard","has-post-thumbnail","hentry","category-educacao"],"_links":{"self":[{"href":"https:\/\/www.caririemacao.com\/1\/wp-json\/wp\/v2\/posts\/75004","targetHints":{"allow":["GET"]}}],"collection":[{"href":"https:\/\/www.caririemacao.com\/1\/wp-json\/wp\/v2\/posts"}],"about":[{"href":"https:\/\/www.caririemacao.com\/1\/wp-json\/wp\/v2\/types\/post"}],"author":[{"embeddable":true,"href":"https:\/\/www.caririemacao.com\/1\/wp-json\/wp\/v2\/users\/2"}],"replies":[{"embeddable":true,"href":"https:\/\/www.caririemacao.com\/1\/wp-json\/wp\/v2\/comments?post=75004"}],"version-history":[{"count":1,"href":"https:\/\/www.caririemacao.com\/1\/wp-json\/wp\/v2\/posts\/75004\/revisions"}],"predecessor-version":[{"id":75007,"href":"https:\/\/www.caririemacao.com\/1\/wp-json\/wp\/v2\/posts\/75004\/revisions\/75007"}],"wp:featuredmedia":[{"embeddable":true,"href":"https:\/\/www.caririemacao.com\/1\/wp-json\/wp\/v2\/media\/75005"}],"wp:attachment":[{"href":"https:\/\/www.caririemacao.com\/1\/wp-json\/wp\/v2\/media?parent=75004"}],"wp:term":[{"taxonomy":"category","embeddable":true,"href":"https:\/\/www.caririemacao.com\/1\/wp-json\/wp\/v2\/categories?post=75004"},{"taxonomy":"post_tag","embeddable":true,"href":"https:\/\/www.caririemacao.com\/1\/wp-json\/wp\/v2\/tags?post=75004"}],"curies":[{"name":"wp","href":"https:\/\/api.w.org\/{rel}","templated":true}]}}