{"id":75008,"date":"2018-12-01T16:34:53","date_gmt":"2018-12-01T19:34:53","guid":{"rendered":"http:\/\/www.caririemacao.com\/1\/?p=75008"},"modified":"2018-12-01T16:34:53","modified_gmt":"2018-12-01T19:34:53","slug":"mpf-investiga-supostas-irregularidades-em-campanha-de-lucelio-cartaxo-na-pb","status":"publish","type":"post","link":"https:\/\/www.caririemacao.com\/1\/2018\/12\/01\/mpf-investiga-supostas-irregularidades-em-campanha-de-lucelio-cartaxo-na-pb\/","title":{"rendered":"MPF investiga supostas irregularidades em campanha de Luc\u00e9lio Cartaxo, na PB"},"content":{"rendered":"<div class=\"noticiacorpo\">\n<div class=\"mc-column content-text active-extra-styles active-capital-letter\" data-block-type=\"unstyled\" data-block-weight=\"51\" data-block-id=\"2\">\n<p class=\"content-text__container theme-color-primary-first-letter\" data-track-category=\"Link no Texto\">O Minist\u00e9rio P\u00fablico Eleitoral na Para\u00edba decidiu instaurar um procedimento preparat\u00f3rio eleitoral para apurar supostas irregularidades na campanha do ex-candidato ao Governo do Estado, Luc\u00e9lio Cartaxo, de acordo com uma portaria divulgada nesta sexta-feira (30), no\u00a0Di\u00e1rio do Minist\u00e9rio P\u00fablico Federal (MPF), no caderno extrajudicial, referente ao dia 3 de dezembro.<\/p>\n<\/div>\n<div class=\"wall protected-content\">\n<div class=\"mc-column content-text active-extra-styles \" data-block-type=\"unstyled\" data-block-weight=\"27\" data-block-id=\"3\">\n<p class=\"content-text__container \" data-track-category=\"Link no Texto\">O G1 entrou em contato com a assessoria de Luc\u00e9lio Cartaxo, que informou, na manh\u00e3 deste s\u00e1bado (1\u00ba), que ainda n\u00e3o tinha um posicionamento sobre o assunto.<\/p>\n<\/div>\n<div class=\"mc-column content-text active-extra-styles \" data-block-type=\"unstyled\" data-block-weight=\"28\" data-block-id=\"4\">\n<p class=\"content-text__container \" data-track-category=\"Link no Texto\">A portaria aponta que foram identificadas empresas fornecedoras de bens e servi\u00e7os de campanha com n\u00famero reduzido de empregados, o que aponta ind\u00edcios de falta de capacidade operacional.<\/p>\n<\/div>\n<div class=\"mc-column content-text active-extra-styles \" data-block-type=\"unstyled\" data-block-weight=\"50\" data-block-id=\"5\">\n<p class=\"content-text__container \" data-track-category=\"Link no Texto\">O documento tamb\u00e9m pontua que foram identificados doadores de campanha cuja renda mensal conhecida seria incompat\u00edvel com o valor doado por eles, al\u00e9m de uma grande concentra\u00e7\u00e3o de doadores no quadro de funcion\u00e1rios de uma mesma pessoa jur\u00eddica, o que pode revelar um ind\u00edcio de doa\u00e7\u00e3o indireta por meio dessa.<\/p>\n<\/div>\n<div class=\"mc-column content-text active-extra-styles \" data-block-type=\"unstyled\" data-block-weight=\"22\" data-block-id=\"6\">\n<p class=\"content-text__container \" data-track-category=\"Link no Texto\">Segundo a portaria, as ocorr\u00eancias relacionadas ao ent\u00e3o candidato constam nos relat\u00f3rios de conhecimento encaminhados pelo Sistema de Investiga\u00e7\u00e3o de Contas Eleitorais.<\/p>\n<\/div>\n<div class=\"mc-column content-text active-extra-styles\" data-block-type=\"raw\" data-block-weight=\"2\" data-block-id=\"7\">\n<div class=\"content-intertitle\">\n<p><strong>Procedimento preparat\u00f3rio<\/strong><\/p>\n<\/div>\n<\/div>\n<div class=\"mc-column content-text active-extra-styles \" data-block-type=\"unstyled\" data-block-weight=\"34\" data-block-id=\"8\">\n<p class=\"content-text__container \" data-track-category=\"Link no Texto\">Conforme o MPF, essa medida \u00e9 adotada para apurar den\u00fancias de irregularidades, quando os fatos ou a autoria n\u00e3o est\u00e3o claros ou quando n\u00e3o \u00e9 evidente que a investiga\u00e7\u00e3o deva ser feita pelo Minist\u00e9rio.<\/p>\n<\/div>\n<div data-track-category=\"fim do conteudo\" data-track-action=\"ultimo chunk conteudo\" data-track-noninteraction=\"false\" data-track-scroll=\"entrada completa viewport\">\n<div class=\"mc-column content-text active-extra-styles \" data-block-type=\"unstyled\" data-block-weight=\"29\" data-block-id=\"9\">\n<p class=\"content-text__container \" data-track-category=\"Link no Texto\">Feito o levantamento das informa\u00e7\u00f5es necess\u00e1rias, o procedimento pode se transformar em inqu\u00e9rito civil ou resultar na propositura de uma a\u00e7\u00e3o, caso os fatos e autores fiquem bem definidos.<\/p>\n<\/div>\n<\/div>\n<\/div>\n<\/div>\n<p class=\"noticia_fonte\" style=\"text-align: right;\"><em><strong>G1-PB\u00a0<\/strong><\/em><\/p>\n","protected":false},"excerpt":{"rendered":"<p>O Minist\u00e9rio P\u00fablico Eleitoral na Para\u00edba decidiu instaurar um procedimento preparat\u00f3rio eleitoral para apurar supostas irregularidades na campanha do ex-candidato ao Governo do Estado, Luc\u00e9lio&hellip; <\/p>\n","protected":false},"author":2,"featured_media":65504,"comment_status":"closed","ping_status":"closed","sticky":false,"template":"","format":"standard","meta":{"sfsi_plus_gutenberg_text_before_share":"","sfsi_plus_gutenberg_show_text_before_share":"","sfsi_plus_gutenberg_icon_type":"","sfsi_plus_gutenberg_icon_alignemt":"","sfsi_plus_gutenburg_max_per_row":"","footnotes":""},"categories":[2],"tags":[],"class_list":["post-75008","post","type-post","status-publish","format-standard","has-post-thumbnail","hentry","category-geral"],"_links":{"self":[{"href":"https:\/\/www.caririemacao.com\/1\/wp-json\/wp\/v2\/posts\/75008","targetHints":{"allow":["GET"]}}],"collection":[{"href":"https:\/\/www.caririemacao.com\/1\/wp-json\/wp\/v2\/posts"}],"about":[{"href":"https:\/\/www.caririemacao.com\/1\/wp-json\/wp\/v2\/types\/post"}],"author":[{"embeddable":true,"href":"https:\/\/www.caririemacao.com\/1\/wp-json\/wp\/v2\/users\/2"}],"replies":[{"embeddable":true,"href":"https:\/\/www.caririemacao.com\/1\/wp-json\/wp\/v2\/comments?post=75008"}],"version-history":[{"count":1,"href":"https:\/\/www.caririemacao.com\/1\/wp-json\/wp\/v2\/posts\/75008\/revisions"}],"predecessor-version":[{"id":75009,"href":"https:\/\/www.caririemacao.com\/1\/wp-json\/wp\/v2\/posts\/75008\/revisions\/75009"}],"wp:featuredmedia":[{"embeddable":true,"href":"https:\/\/www.caririemacao.com\/1\/wp-json\/wp\/v2\/media\/65504"}],"wp:attachment":[{"href":"https:\/\/www.caririemacao.com\/1\/wp-json\/wp\/v2\/media?parent=75008"}],"wp:term":[{"taxonomy":"category","embeddable":true,"href":"https:\/\/www.caririemacao.com\/1\/wp-json\/wp\/v2\/categories?post=75008"},{"taxonomy":"post_tag","embeddable":true,"href":"https:\/\/www.caririemacao.com\/1\/wp-json\/wp\/v2\/tags?post=75008"}],"curies":[{"name":"wp","href":"https:\/\/api.w.org\/{rel}","templated":true}]}}