{"id":75012,"date":"2018-12-01T16:38:29","date_gmt":"2018-12-01T19:38:29","guid":{"rendered":"http:\/\/www.caririemacao.com\/1\/?p=75012"},"modified":"2018-12-01T16:38:29","modified_gmt":"2018-12-01T19:38:29","slug":"crianca-morre-apos-colocar-cabeca-para-fora-de-van-em-movimento-e-colidir-contra-porteira","status":"publish","type":"post","link":"https:\/\/www.caririemacao.com\/1\/2018\/12\/01\/crianca-morre-apos-colocar-cabeca-para-fora-de-van-em-movimento-e-colidir-contra-porteira\/","title":{"rendered":"Crian\u00e7a morre ap\u00f3s colocar cabe\u00e7a para fora de van em movimento e colidir contra porteira"},"content":{"rendered":"<p>Uma menina de 8 anos, identificada como D\u00e9bora Oliveira dos Santos, morreu na manh\u00e3 desta sexta-feira (30), a caminho da escola em Serra Talhada, Sert\u00e3o de Pernambuco. Familiares informaram que a crian\u00e7a estava em uma van, que fazia transporte escolar, quando colocou a cabe\u00e7a para fora do ve\u00edculo e colidiu contra uma porteira.<\/p>\n<p>Ainda segundo os familiares, a m\u00e3e estava com a menina na van quando o acidente aconteceu, por volta das 6h30 (hor\u00e1rio local). A v\u00edtima morava com a fam\u00edlia no S\u00edtio Cachoeira, zona rural do munic\u00edpio, e estudava na Escola Municipal Manuel Pereira Neto.<\/p>\n<p>A crian\u00e7a chegou a ser levada para o Hospital Regional Professor Agamenon Magalh\u00e3es (Hospam), mas j\u00e1 estava morta devido ao forte impacto. O laudo preliminar aponta que D\u00e9bora quebrou o pesco\u00e7o.<\/p>\n<p>Por meio de nota, a Prefeitura de Serra Talhada lamentou \u201cprofundamente a fatalidade ocorrida com a aluna\u201d, e tamb\u00e9m acrescentou que \u201ca fam\u00edlia est\u00e1 recebendo toda a assist\u00eancia necess\u00e1ria\u201d. A gest\u00e3o municipal ainda destacou que a manifesta \u201cos mais sinceros sentimentos de pesar\u201d e deseja \u201cfor\u00e7a aos familiares e \u00e0 comunidade escolar a qual pertencia a aluna\u201d.<\/p>\n<p>A Prefeitura de Serra Talhada decretou luto oficial de tr\u00eas dias.<\/p>\n<p>G1 PE<\/p>\n","protected":false},"excerpt":{"rendered":"<p>Uma menina de 8 anos, identificada como D\u00e9bora Oliveira dos Santos, morreu na manh\u00e3 desta sexta-feira (30), a caminho da escola em Serra Talhada, Sert\u00e3o&hellip; <\/p>\n","protected":false},"author":1,"featured_media":75013,"comment_status":"closed","ping_status":"closed","sticky":false,"template":"","format":"standard","meta":{"sfsi_plus_gutenberg_text_before_share":"","sfsi_plus_gutenberg_show_text_before_share":"","sfsi_plus_gutenberg_icon_type":"","sfsi_plus_gutenberg_icon_alignemt":"","sfsi_plus_gutenburg_max_per_row":"","footnotes":""},"categories":[12],"tags":[],"class_list":["post-75012","post","type-post","status-publish","format-standard","has-post-thumbnail","hentry","category-policia"],"_links":{"self":[{"href":"https:\/\/www.caririemacao.com\/1\/wp-json\/wp\/v2\/posts\/75012","targetHints":{"allow":["GET"]}}],"collection":[{"href":"https:\/\/www.caririemacao.com\/1\/wp-json\/wp\/v2\/posts"}],"about":[{"href":"https:\/\/www.caririemacao.com\/1\/wp-json\/wp\/v2\/types\/post"}],"author":[{"embeddable":true,"href":"https:\/\/www.caririemacao.com\/1\/wp-json\/wp\/v2\/users\/1"}],"replies":[{"embeddable":true,"href":"https:\/\/www.caririemacao.com\/1\/wp-json\/wp\/v2\/comments?post=75012"}],"version-history":[{"count":1,"href":"https:\/\/www.caririemacao.com\/1\/wp-json\/wp\/v2\/posts\/75012\/revisions"}],"predecessor-version":[{"id":75014,"href":"https:\/\/www.caririemacao.com\/1\/wp-json\/wp\/v2\/posts\/75012\/revisions\/75014"}],"wp:featuredmedia":[{"embeddable":true,"href":"https:\/\/www.caririemacao.com\/1\/wp-json\/wp\/v2\/media\/75013"}],"wp:attachment":[{"href":"https:\/\/www.caririemacao.com\/1\/wp-json\/wp\/v2\/media?parent=75012"}],"wp:term":[{"taxonomy":"category","embeddable":true,"href":"https:\/\/www.caririemacao.com\/1\/wp-json\/wp\/v2\/categories?post=75012"},{"taxonomy":"post_tag","embeddable":true,"href":"https:\/\/www.caririemacao.com\/1\/wp-json\/wp\/v2\/tags?post=75012"}],"curies":[{"name":"wp","href":"https:\/\/api.w.org\/{rel}","templated":true}]}}