{"id":75015,"date":"2018-12-01T16:40:36","date_gmt":"2018-12-01T19:40:36","guid":{"rendered":"http:\/\/www.caririemacao.com\/1\/?p=75015"},"modified":"2018-12-01T16:40:36","modified_gmt":"2018-12-01T19:40:36","slug":"homem-assalta-posto-de-combustivel-na-cidade-de-zabele","status":"publish","type":"post","link":"https:\/\/www.caririemacao.com\/1\/2018\/12\/01\/homem-assalta-posto-de-combustivel-na-cidade-de-zabele\/","title":{"rendered":"Homem assalta posto de combust\u00edvel na cidade de Zabel\u00ea"},"content":{"rendered":"<p>Um posto de combust\u00edveis, localizado na PB-264, em Zabel\u00ea, na sa\u00edda para o munic\u00edpio de S\u00e3o Sebasti\u00e3o do Umbuzeiro foi assaltado na noite desta sexta-feira (30).<\/p>\n<p>Segundo informa\u00e7\u00f5es, o assaltante chegou a p\u00e9 com uma espingarda calibre 12, rendeu o frentista, pegou todo o apurado do caixa, aproximadamente R$ 800 reais, na fuga o bandido roubou uma motocicleta. Minutos depois a moto foi encontrada abandonada.<\/p>\n<p>&nbsp;<\/p>\n<p>HORA1PB<\/p>\n","protected":false},"excerpt":{"rendered":"<p>Um posto de combust\u00edveis, localizado na PB-264, em Zabel\u00ea, na sa\u00edda para o munic\u00edpio de S\u00e3o Sebasti\u00e3o do Umbuzeiro foi assaltado na noite desta sexta-feira&hellip; <\/p>\n","protected":false},"author":1,"featured_media":15697,"comment_status":"closed","ping_status":"closed","sticky":false,"template":"","format":"standard","meta":{"sfsi_plus_gutenberg_text_before_share":"","sfsi_plus_gutenberg_show_text_before_share":"","sfsi_plus_gutenberg_icon_type":"","sfsi_plus_gutenberg_icon_alignemt":"","sfsi_plus_gutenburg_max_per_row":"","footnotes":""},"categories":[12],"tags":[],"class_list":["post-75015","post","type-post","status-publish","format-standard","has-post-thumbnail","hentry","category-policia"],"_links":{"self":[{"href":"https:\/\/www.caririemacao.com\/1\/wp-json\/wp\/v2\/posts\/75015","targetHints":{"allow":["GET"]}}],"collection":[{"href":"https:\/\/www.caririemacao.com\/1\/wp-json\/wp\/v2\/posts"}],"about":[{"href":"https:\/\/www.caririemacao.com\/1\/wp-json\/wp\/v2\/types\/post"}],"author":[{"embeddable":true,"href":"https:\/\/www.caririemacao.com\/1\/wp-json\/wp\/v2\/users\/1"}],"replies":[{"embeddable":true,"href":"https:\/\/www.caririemacao.com\/1\/wp-json\/wp\/v2\/comments?post=75015"}],"version-history":[{"count":1,"href":"https:\/\/www.caririemacao.com\/1\/wp-json\/wp\/v2\/posts\/75015\/revisions"}],"predecessor-version":[{"id":75026,"href":"https:\/\/www.caririemacao.com\/1\/wp-json\/wp\/v2\/posts\/75015\/revisions\/75026"}],"wp:featuredmedia":[{"embeddable":true,"href":"https:\/\/www.caririemacao.com\/1\/wp-json\/wp\/v2\/media\/15697"}],"wp:attachment":[{"href":"https:\/\/www.caririemacao.com\/1\/wp-json\/wp\/v2\/media?parent=75015"}],"wp:term":[{"taxonomy":"category","embeddable":true,"href":"https:\/\/www.caririemacao.com\/1\/wp-json\/wp\/v2\/categories?post=75015"},{"taxonomy":"post_tag","embeddable":true,"href":"https:\/\/www.caririemacao.com\/1\/wp-json\/wp\/v2\/tags?post=75015"}],"curies":[{"name":"wp","href":"https:\/\/api.w.org\/{rel}","templated":true}]}}