{"id":75027,"date":"2018-12-01T16:46:29","date_gmt":"2018-12-01T19:46:29","guid":{"rendered":"http:\/\/www.caririemacao.com\/1\/?p=75027"},"modified":"2018-12-01T16:46:29","modified_gmt":"2018-12-01T19:46:29","slug":"em-acao-rapida-policia-prende-responsavel-por-assalto-a-um-supermercado-em-soledade","status":"publish","type":"post","link":"https:\/\/www.caririemacao.com\/1\/2018\/12\/01\/em-acao-rapida-policia-prende-responsavel-por-assalto-a-um-supermercado-em-soledade\/","title":{"rendered":"Em a\u00e7\u00e3o r\u00e1pida, pol\u00edcia prende respons\u00e1vel por assalto a um supermercado em Soledade"},"content":{"rendered":"<p>Em a\u00e7\u00e3o integrada da Pol\u00edcia Civil da Delegacia de Pol\u00edcia Civil de Soledade, sob o comando do Delegado Durval Barros e sua Equipe, juntamente com a PM, sob o comando do Ten Mazuy foi dada uma resposta r\u00e1pida a sociedade sobre um assalto ocorrido na cidade.<\/p>\n<p>O assalto ocorreu em um Supermercado no Centro de Soledade. Em menos de uma hora as for\u00e7as de seguran\u00e7a deram resposta. Conforme filmagem das c\u00e2meras foi poss\u00edvel identificar o assaltante que \u00e9 albergado na Comarca de Soledade por fazer parte da associa\u00e7\u00e3o para o Tr\u00e1fico.<\/p>\n<p>\u201cObrigado Sr. Major Terceiro, comandante do 15\u00b0 BPM e seus comandados, Ten Mazuy, soldados Marcolino e H. Oliveira, que deram todo apoio a a\u00e7\u00e3o quando foi solicitado\u201d, lembrou o delegado que tamb\u00e9m agradeceu a toda equipe da Civil em nome do Escriv\u00e3o H\u00e9lder, Agentes Welison (Beto Barbosa), Martins e Zezito.<\/p>\n","protected":false},"excerpt":{"rendered":"<p>Em a\u00e7\u00e3o integrada da Pol\u00edcia Civil da Delegacia de Pol\u00edcia Civil de Soledade, sob o comando do Delegado Durval Barros e sua Equipe, juntamente com&hellip; <\/p>\n","protected":false},"author":1,"featured_media":75031,"comment_status":"closed","ping_status":"closed","sticky":false,"template":"","format":"standard","meta":{"sfsi_plus_gutenberg_text_before_share":"","sfsi_plus_gutenberg_show_text_before_share":"","sfsi_plus_gutenberg_icon_type":"","sfsi_plus_gutenberg_icon_alignemt":"","sfsi_plus_gutenburg_max_per_row":"","footnotes":""},"categories":[12],"tags":[],"class_list":["post-75027","post","type-post","status-publish","format-standard","has-post-thumbnail","hentry","category-policia"],"_links":{"self":[{"href":"https:\/\/www.caririemacao.com\/1\/wp-json\/wp\/v2\/posts\/75027","targetHints":{"allow":["GET"]}}],"collection":[{"href":"https:\/\/www.caririemacao.com\/1\/wp-json\/wp\/v2\/posts"}],"about":[{"href":"https:\/\/www.caririemacao.com\/1\/wp-json\/wp\/v2\/types\/post"}],"author":[{"embeddable":true,"href":"https:\/\/www.caririemacao.com\/1\/wp-json\/wp\/v2\/users\/1"}],"replies":[{"embeddable":true,"href":"https:\/\/www.caririemacao.com\/1\/wp-json\/wp\/v2\/comments?post=75027"}],"version-history":[{"count":1,"href":"https:\/\/www.caririemacao.com\/1\/wp-json\/wp\/v2\/posts\/75027\/revisions"}],"predecessor-version":[{"id":75032,"href":"https:\/\/www.caririemacao.com\/1\/wp-json\/wp\/v2\/posts\/75027\/revisions\/75032"}],"wp:featuredmedia":[{"embeddable":true,"href":"https:\/\/www.caririemacao.com\/1\/wp-json\/wp\/v2\/media\/75031"}],"wp:attachment":[{"href":"https:\/\/www.caririemacao.com\/1\/wp-json\/wp\/v2\/media?parent=75027"}],"wp:term":[{"taxonomy":"category","embeddable":true,"href":"https:\/\/www.caririemacao.com\/1\/wp-json\/wp\/v2\/categories?post=75027"},{"taxonomy":"post_tag","embeddable":true,"href":"https:\/\/www.caririemacao.com\/1\/wp-json\/wp\/v2\/tags?post=75027"}],"curies":[{"name":"wp","href":"https:\/\/api.w.org\/{rel}","templated":true}]}}