{"id":75028,"date":"2018-12-01T16:46:05","date_gmt":"2018-12-01T19:46:05","guid":{"rendered":"http:\/\/www.caririemacao.com\/1\/?p=75028"},"modified":"2018-12-01T17:04:31","modified_gmt":"2018-12-01T20:04:31","slug":"secretario-da-prefeitura-de-parari-foi-morto-por-vinganca-diz-delegado","status":"publish","type":"post","link":"https:\/\/www.caririemacao.com\/1\/2018\/12\/01\/secretario-da-prefeitura-de-parari-foi-morto-por-vinganca-diz-delegado\/","title":{"rendered":"Secret\u00e1rio da prefeitura de Parari foi morto por vingan\u00e7a, diz delegado"},"content":{"rendered":"<article>\n<section class=\"post-date\">O secret\u00e1rio de infraestrutura da cidade de Parari, no Cariri da Para\u00edba, assassinado a tiros no dia 28 de novembro, foi morto por vingan\u00e7a. A informa\u00e7\u00e3o foi divulgada na manh\u00e3 desta sexta-feira (30) pelo delegado de homic\u00eddios da Pol\u00edcia Civil, Jo\u00e3o Joaldo, respons\u00e1vel pelo caso. Segundo o delegado, o crime tem motiva\u00e7\u00e3o pol\u00edtica e as primeiras investiga\u00e7\u00f5es da Pol\u00edcia Civil apontam que h\u00e1 mais pessoas envolvidas no caso.<\/section>\n<div class=\"contentPost\">\n<p>\u201cA gente n\u00e3o tem d\u00favida, o caso foi uma execu\u00e7\u00e3o. O secret\u00e1rio foi morto a tiros no meio da rua e nada foi levado pelos suspeitos. E pelo hist\u00f3rico da v\u00edtima, as investiga\u00e7\u00f5es da Pol\u00edcia Civil apontam que o crime foi por vingan\u00e7a\u201d, disse o delegado.<\/p>\n<p>De acordo com o delegado, um dos suspeitos preso pelo assassinato de Adriant\u00f4nio Cavalcante de Queiroz deu nome falso \u00e0 pol\u00edcia. No momento da pris\u00e3o, o homem apresentou identidade falsa e se identificou como Cl\u00e1udio Barros da Silva. Ap\u00f3s investiga\u00e7\u00f5es, a Pol\u00edcia Civil descobriu que o verdadeiro nome dele \u00e9 F\u00e1bio Wanderson do Nascimento, de 30 anos, foragido da Col\u00f4nia Penal de Sousa, no Sert\u00e3o.<\/p>\n<p>\u201cO Fabiano, investigado por v\u00e1rios homic\u00eddios na regi\u00e3o, \u00e9 extremamente frio. Ele e o outro suspeito preso pelo crime negam tudo, mas as investiga\u00e7\u00f5es apontam que os dois teriam recebido vantagem econ\u00f4mica para cometer o crime\u201d, afirmou o delegado.<\/p>\n<p>O outro suspeito detido \u00e9 Carlos S\u00e9rgio Trajano da Silva, de 32 anos. As pris\u00f5es aconteceram ainda na noite do dia 28 de novembro, no S\u00edtio Pipa, zona rural de Santo Andr\u00e9. Segundo o delegado, ap\u00f3s o crime a Pol\u00edcia Militar iniciou a busca pelos suspeitos.<\/p>\n<p>Ainda na manh\u00e3 da quarta (28), em uma casa da regi\u00e3o, os policiais encontraram uma motocicleta e um carro que teriam sido usados para a fuga dos criminosos. Dentro do local ainda foram apreendidas quatro muni\u00e7\u00f5es intactas e uma espingarda calibre 12. A moto e a arma usadas no crime n\u00e3o foram encontradas.<\/p>\n<p><strong>Secret\u00e1rio suspeito de envolvimento em homic\u00eddios<\/strong><br \/>\nAinda segundo o delegado Jo\u00e3o Joaldo, o secret\u00e1rio de infraestrutura de Parari j\u00e1 havia sido preso em 2016 suspeito de envolvimento na morte do ex-vereador da cidade, Josinaldo Pedro, mais conhecido como Chorinho. Adriant\u00f4nio Cavalcante foi preso pr\u00f3ximo \u00e0 um Posto da Pol\u00edcia Rodovi\u00e1ria Federal, ap\u00f3s um mandado de pris\u00e3o preventiva expedido pela Justi\u00e7a.<\/p>\n<p>O ex-vereador Josinaldo Pedro foi assassinado no dia 10 de dezembro de 2015, na casa dele, no S\u00edtio Campo Grande, zona rural de Parari. Na mesma \u00e9poca, no dia 26 de setembro, o primo de Adriant\u00f4nio Cavalcante, o ex-vereador de Parari Joc\u00e9lio Cavalcante, tamb\u00e9m foi assassinado a tiros na cidade de Tapero\u00e1.<\/p>\n<p>\u201cQuando acontece isso, as fam\u00edlias querem vingan\u00e7a e \u00e9 lament\u00e1vel porque isso n\u00e3o tem fim. Uns s\u00e3o presos e outros ficam soltos, ent\u00e3o tudo continua\u201d, lamentou o delegado.<\/p>\n<p><strong>Secret\u00e1rio morto a tiros no Centro de Parari<\/strong><br \/>\nO secret\u00e1rio de Infraestrutura da Prefeitura de Parari, no Cariri da Para\u00edba, foi morto a tiros na manh\u00e3 desta quarta-feira (28). De acordo com a Pol\u00edcia Civil, Adriant\u00f4nio Cavalcante de Queiroz estava em frente a um mercado no Centro da cidade quando dois homens chegaram em uma moto e atiraram contra a v\u00edtima.<\/p>\n<p style=\"text-align: right;\"><em><strong>Cariri Ligado\u00a0<\/strong><\/em><\/p>\n<\/div>\n<\/article>\n","protected":false},"excerpt":{"rendered":"<p>O secret\u00e1rio de infraestrutura da cidade de Parari, no Cariri da Para\u00edba, assassinado a tiros no dia 28 de novembro, foi morto por vingan\u00e7a. A&hellip; <\/p>\n","protected":false},"author":2,"featured_media":27838,"comment_status":"closed","ping_status":"closed","sticky":false,"template":"","format":"standard","meta":{"sfsi_plus_gutenberg_text_before_share":"","sfsi_plus_gutenberg_show_text_before_share":"","sfsi_plus_gutenberg_icon_type":"","sfsi_plus_gutenberg_icon_alignemt":"","sfsi_plus_gutenburg_max_per_row":"","footnotes":""},"categories":[50,12],"tags":[],"class_list":["post-75028","post","type-post","status-publish","format-standard","has-post-thumbnail","hentry","category-destaque","category-policia"],"_links":{"self":[{"href":"https:\/\/www.caririemacao.com\/1\/wp-json\/wp\/v2\/posts\/75028","targetHints":{"allow":["GET"]}}],"collection":[{"href":"https:\/\/www.caririemacao.com\/1\/wp-json\/wp\/v2\/posts"}],"about":[{"href":"https:\/\/www.caririemacao.com\/1\/wp-json\/wp\/v2\/types\/post"}],"author":[{"embeddable":true,"href":"https:\/\/www.caririemacao.com\/1\/wp-json\/wp\/v2\/users\/2"}],"replies":[{"embeddable":true,"href":"https:\/\/www.caririemacao.com\/1\/wp-json\/wp\/v2\/comments?post=75028"}],"version-history":[{"count":1,"href":"https:\/\/www.caririemacao.com\/1\/wp-json\/wp\/v2\/posts\/75028\/revisions"}],"predecessor-version":[{"id":75029,"href":"https:\/\/www.caririemacao.com\/1\/wp-json\/wp\/v2\/posts\/75028\/revisions\/75029"}],"wp:featuredmedia":[{"embeddable":true,"href":"https:\/\/www.caririemacao.com\/1\/wp-json\/wp\/v2\/media\/27838"}],"wp:attachment":[{"href":"https:\/\/www.caririemacao.com\/1\/wp-json\/wp\/v2\/media?parent=75028"}],"wp:term":[{"taxonomy":"category","embeddable":true,"href":"https:\/\/www.caririemacao.com\/1\/wp-json\/wp\/v2\/categories?post=75028"},{"taxonomy":"post_tag","embeddable":true,"href":"https:\/\/www.caririemacao.com\/1\/wp-json\/wp\/v2\/tags?post=75028"}],"curies":[{"name":"wp","href":"https:\/\/api.w.org\/{rel}","templated":true}]}}