{"id":75033,"date":"2018-12-01T16:50:10","date_gmt":"2018-12-01T19:50:10","guid":{"rendered":"http:\/\/www.caririemacao.com\/1\/?p=75033"},"modified":"2018-12-01T16:50:10","modified_gmt":"2018-12-01T19:50:10","slug":"bolsonaro-ironiza-carta-de-lula-visitas-intimas-na-prisao-diminuiram","status":"publish","type":"post","link":"https:\/\/www.caririemacao.com\/1\/2018\/12\/01\/bolsonaro-ironiza-carta-de-lula-visitas-intimas-na-prisao-diminuiram\/","title":{"rendered":"Bolsonaro ironiza carta de Lula: \u2018Visitas \u00edntimas na pris\u00e3o diminu\u00edram\u2019"},"content":{"rendered":"<p><span class=\"news_capital_letter\">O\u00a0<\/span>presidente eleito Jair Bolsonaro (PSL), ironizou atrav\u00e9s de sua conta no Twitter as declara\u00e7\u00f5es feitas pelo ex-presidente Lula sobre ele. Na postagem feita na rede social, Bolsonaro d\u00e1 a entender que Lula estaria isolado na pris\u00e3o ap\u00f3s o fim das elei\u00e7\u00f5es.<\/p>\n<p>Na carta escrita por Luiz In\u00e1cio Lula da Silva enviada a membros do PT na \u00faltima sexta-feira(30), o petista afirma que Bolsonaro chegou ao Pal\u00e1cio do Planalto com a ajuda do \u201cDepartamento de Estado norte-americano e do governo Trump\u201d. Al\u00e9m disso Lula afirmou que o presidente eleito em 2018 conta com o \u201cque h\u00e1 de mais atrasado no Congresso Nacional\u201d.<\/p>\n<p>\u201cJair Bolsonaro se apresentou ao pa\u00eds como um candidato antissistema, mas na verdade ele \u00e9 o pior representante desse sistema. Foi apoiado pelos banqueiros, pelos donos da fortuna; foi protegido pela Rede Globo e pela m\u00eddia, foi patrocinado pelos latifundi\u00e1rios, foi bancado pelo Departamento de Estado norte-americano e pelo governo Trump, foi apoiado pelo que h\u00e1 de mais atrasado no Congresso Nacional, foi favorecido pelo que h\u00e1 de mais reacion\u00e1rio no sistema judicial e no Minist\u00e9rio P\u00fablico, foi o verdadeiro candidato do governo Temer\u201d, escreve Lula, no texto.<\/p>\n<p>Ainda na carta, Lula alerta os petistas sobre o que ele acredita ser a \u00fanica meta do pr\u00f3ximo presidente do Brasil: \u201cJair Bolsonaro tem um \u00fanico prop\u00f3sito em mente, que \u00e9 continuar atacando o PT. Ele n\u00e3o desceu do palanque e n\u00e3o pretende descer.\u201d<\/p>\n<p>&nbsp;<\/p>\n<p>Not\u00edcias ao Minuto<\/p>\n","protected":false},"excerpt":{"rendered":"<p>O\u00a0presidente eleito Jair Bolsonaro (PSL), ironizou atrav\u00e9s de sua conta no Twitter as declara\u00e7\u00f5es feitas pelo ex-presidente Lula sobre ele. Na postagem feita na rede&hellip; <\/p>\n","protected":false},"author":1,"featured_media":61440,"comment_status":"closed","ping_status":"closed","sticky":false,"template":"","format":"standard","meta":{"sfsi_plus_gutenberg_text_before_share":"","sfsi_plus_gutenberg_show_text_before_share":"","sfsi_plus_gutenberg_icon_type":"","sfsi_plus_gutenberg_icon_alignemt":"","sfsi_plus_gutenburg_max_per_row":"","footnotes":""},"categories":[50,11],"tags":[],"class_list":["post-75033","post","type-post","status-publish","format-standard","has-post-thumbnail","hentry","category-destaque","category-politica"],"_links":{"self":[{"href":"https:\/\/www.caririemacao.com\/1\/wp-json\/wp\/v2\/posts\/75033","targetHints":{"allow":["GET"]}}],"collection":[{"href":"https:\/\/www.caririemacao.com\/1\/wp-json\/wp\/v2\/posts"}],"about":[{"href":"https:\/\/www.caririemacao.com\/1\/wp-json\/wp\/v2\/types\/post"}],"author":[{"embeddable":true,"href":"https:\/\/www.caririemacao.com\/1\/wp-json\/wp\/v2\/users\/1"}],"replies":[{"embeddable":true,"href":"https:\/\/www.caririemacao.com\/1\/wp-json\/wp\/v2\/comments?post=75033"}],"version-history":[{"count":1,"href":"https:\/\/www.caririemacao.com\/1\/wp-json\/wp\/v2\/posts\/75033\/revisions"}],"predecessor-version":[{"id":75036,"href":"https:\/\/www.caririemacao.com\/1\/wp-json\/wp\/v2\/posts\/75033\/revisions\/75036"}],"wp:featuredmedia":[{"embeddable":true,"href":"https:\/\/www.caririemacao.com\/1\/wp-json\/wp\/v2\/media\/61440"}],"wp:attachment":[{"href":"https:\/\/www.caririemacao.com\/1\/wp-json\/wp\/v2\/media?parent=75033"}],"wp:term":[{"taxonomy":"category","embeddable":true,"href":"https:\/\/www.caririemacao.com\/1\/wp-json\/wp\/v2\/categories?post=75033"},{"taxonomy":"post_tag","embeddable":true,"href":"https:\/\/www.caririemacao.com\/1\/wp-json\/wp\/v2\/tags?post=75033"}],"curies":[{"name":"wp","href":"https:\/\/api.w.org\/{rel}","templated":true}]}}