{"id":75034,"date":"2018-12-01T16:50:53","date_gmt":"2018-12-01T19:50:53","guid":{"rendered":"http:\/\/www.caririemacao.com\/1\/?p=75034"},"modified":"2018-12-01T16:51:18","modified_gmt":"2018-12-01T19:51:18","slug":"luta-contra-a-aids-chega-ao-marco-de-30-anos-com-reducao-de-16-nos-casos-de-infeccao","status":"publish","type":"post","link":"https:\/\/www.caririemacao.com\/1\/2018\/12\/01\/luta-contra-a-aids-chega-ao-marco-de-30-anos-com-reducao-de-16-nos-casos-de-infeccao\/","title":{"rendered":"Luta contra a Aids chega ao marco de 30 anos com redu\u00e7\u00e3o de 16% nos casos de infec\u00e7\u00e3o"},"content":{"rendered":"<p>O dia 1\u00ba de dezembro marca a luta contra a Aids. A data \u00e9 estabelecida internacionalmente para promover a troca de informa\u00e7\u00f5es, experi\u00eancia sobre a doen\u00e7a e derrubar o preconceito social existente na sociedade.<\/p>\n<p>O Dia Mundial da Luta Contra a AIDS permite falar sobre a infec\u00e7\u00e3o por HIV e AIDS, de se ocupar das pessoas infectadas pelo HIV e das doen\u00e7as da AIDS, e de se saber mais sobre esta doen\u00e7a. Este dia internacional de a\u00e7\u00e3o coordenada contra a AIDS constitui j\u00e1 um evento anual na maior parte dos pa\u00edses.<\/p>\n<p>No Brasil, o m\u00eas de dezembro \u00e9 todo voltado para a conscientiza\u00e7\u00e3o sobre a Aids, desde a preven\u00e7\u00e3o at\u00e9 os tratamentos dispon\u00edveis. Apesar de ainda n\u00e3o ter cura, o SUS disponibiliza gratuitamente o tratamento atrav\u00e9s de medicamentos antirretrovirais que combatem o v\u00edrus e fortalecem o sistema imunol\u00f3gico.<\/p>\n<p>Ainda assim \u00e9 importante a continuidade do tratamento da AIDS para diminuir a carga viral, aumentando o tempo e qualidade de vida do portador do v\u00edrus, e tamb\u00e9m para diminuir as chances de desenvolver doen\u00e7as relacionadas a AIDS como a tuberculose e a pneumonia.<\/p>\n<p>H\u00e1 30 anos, no dia 27 de outubro de 1988,\u00a0 foi institu\u00eddo pela Assembleia Geral da ONU e a Organiza\u00e7\u00e3o Mundial de Sa\u00fade o dia 1\u00ba de dezembro como o Dia Mundial de Luta contra a Aids. Cinco anos ap\u00f3s a descoberta do v\u00edrus causador da aids, o HIV, 65,7 mil pessoas j\u00e1 tinham sido diagnosticadas com o v\u00edrus, e 38 mil j\u00e1 tinham falecido.<\/p>\n<p>Para marcar a data e relembrar as lutas e todas as conquistas na resposta global ao HIV, o Minist\u00e9rio da Sa\u00fade\u00a0vai cobrir a Esplanada dos Minist\u00e9rios\u00a0com um imenso mosaico formado por colchas de retalhos (quilt\u00a0em Ingl\u00eas). Essa era uma pr\u00e1tica na d\u00e9cada de 80 para lembrar as v\u00edtimas da aids.<\/p>\n<p>As colchas foram feitas por qualquer pessoa que quis participar e deixar marcada a sua contribui\u00e7\u00e3o na luta contra a epidemia que ainda n\u00e3o foi vencida, apesar dos avan\u00e7os conquistados at\u00e9 aqui. Ser\u00e1 tamb\u00e9m um espa\u00e7o plural para deixar registrado seu compromisso para combater o preconceito, o estigma e a desinforma\u00e7\u00e3o em torno do HIV\/aids.<\/p>\n<p>Todas as mensagens ser\u00e3o impressas em tecidos para formar o mosaico de colchas na Esplanada dos Minist\u00e9rios no Dia Mundial de Luta Contra a Aids.<\/p>\n<p><strong>Redu\u00e7\u00e3o dos casos de Aids<\/strong><\/p>\n<p>O Brasil chega aos 30 anos de luta contra o HIV e aids com registro de queda no n\u00famero de \u00f3bitos por aids no pa\u00eds. Segundo o novo Boletim Epidemiol\u00f3gico, divulgado nesta ter\u00e7a-feira (27\/11) em Bras\u00edlia, em quatro anos, a taxa de mortalidade pela doen\u00e7a passou de 5,7 por 100 mil habitantes em 2014 para 4,8 \u00f3bitos em 2017.\u00a0A garantia do tratamento para todos, lan\u00e7ada em 2013, e a melhoria do diagn\u00f3stico contribu\u00edram para a queda, al\u00e9m da amplia\u00e7\u00e3o do acesso \u00e0 testagem e redu\u00e7\u00e3o do tempo entre o diagn\u00f3stico e o in\u00edcio do tratamento. O Minist\u00e9rio da Sa\u00fade tamb\u00e9m lan\u00e7ou uma nova campanha publicit\u00e1ria lembrando os 30 anos do Dia Mundial de Luta contra a Aids.<\/p>\n<p>\u201c\u00c9 a primeira vez em 20 anos que temos uma queda t\u00e3o expressiva nas taxas da mortalidade\u201d, comemora a diretora do Departamento de Vigil\u00e2ncia, Preven\u00e7\u00e3o e Controle das Infec\u00e7\u00f5es Sexualmente Transmiss\u00edveis, do HIV\/Aids e das Hepatites Virais, Adele Benzaken. Ela lembra que da \u00faltima vez que o pa\u00eds registrou quedas t\u00e3o expressivas, foi entre 1996 e 1997, com a chegada da terapia tr\u00edplice, o chamado coquetel, para tratamento das pessoas que vivem com o v\u00edrus.<\/p>\n<p>Os novos n\u00fameros da epidemia revelam que, de 1980 a junho de 2018, foram identificados 926.742 casos de aids no Brasil, um registro anual de 40 mil novos casos. Em 2012, a taxa de detec\u00e7\u00e3o de aids era de 21,7 casos por cada 100 mil habitantes e, em 2017, foram 18,3, queda de 15,7%. Em quatro anos tamb\u00e9m houve queda de 16,5% na taxa de mortalidade pela doen\u00e7a, passando de 5,7 por 100 mil habitantes em 2014 para 4,8 \u00f3bitos em 2017.<\/p>\n<p style=\"text-align: right;\"><br clear=\"all\" \/><em><strong>Pol\u00eamica Para\u00edba com Minist\u00e9rio da Sa\u00fade\/Foto: Internet\u00a0<\/strong><\/em><\/p>\n","protected":false},"excerpt":{"rendered":"<p>O dia 1\u00ba de dezembro marca a luta contra a Aids. A data \u00e9 estabelecida internacionalmente para promover a troca de informa\u00e7\u00f5es, experi\u00eancia sobre a&hellip; <\/p>\n","protected":false},"author":2,"featured_media":75035,"comment_status":"closed","ping_status":"closed","sticky":false,"template":"","format":"standard","meta":{"sfsi_plus_gutenberg_text_before_share":"","sfsi_plus_gutenberg_show_text_before_share":"","sfsi_plus_gutenberg_icon_type":"","sfsi_plus_gutenberg_icon_alignemt":"","sfsi_plus_gutenburg_max_per_row":"","footnotes":""},"categories":[2],"tags":[],"class_list":["post-75034","post","type-post","status-publish","format-standard","has-post-thumbnail","hentry","category-geral"],"_links":{"self":[{"href":"https:\/\/www.caririemacao.com\/1\/wp-json\/wp\/v2\/posts\/75034","targetHints":{"allow":["GET"]}}],"collection":[{"href":"https:\/\/www.caririemacao.com\/1\/wp-json\/wp\/v2\/posts"}],"about":[{"href":"https:\/\/www.caririemacao.com\/1\/wp-json\/wp\/v2\/types\/post"}],"author":[{"embeddable":true,"href":"https:\/\/www.caririemacao.com\/1\/wp-json\/wp\/v2\/users\/2"}],"replies":[{"embeddable":true,"href":"https:\/\/www.caririemacao.com\/1\/wp-json\/wp\/v2\/comments?post=75034"}],"version-history":[{"count":2,"href":"https:\/\/www.caririemacao.com\/1\/wp-json\/wp\/v2\/posts\/75034\/revisions"}],"predecessor-version":[{"id":75038,"href":"https:\/\/www.caririemacao.com\/1\/wp-json\/wp\/v2\/posts\/75034\/revisions\/75038"}],"wp:featuredmedia":[{"embeddable":true,"href":"https:\/\/www.caririemacao.com\/1\/wp-json\/wp\/v2\/media\/75035"}],"wp:attachment":[{"href":"https:\/\/www.caririemacao.com\/1\/wp-json\/wp\/v2\/media?parent=75034"}],"wp:term":[{"taxonomy":"category","embeddable":true,"href":"https:\/\/www.caririemacao.com\/1\/wp-json\/wp\/v2\/categories?post=75034"},{"taxonomy":"post_tag","embeddable":true,"href":"https:\/\/www.caririemacao.com\/1\/wp-json\/wp\/v2\/tags?post=75034"}],"curies":[{"name":"wp","href":"https:\/\/api.w.org\/{rel}","templated":true}]}}