{"id":75039,"date":"2018-12-01T16:53:40","date_gmt":"2018-12-01T19:53:40","guid":{"rendered":"http:\/\/www.caririemacao.com\/1\/?p=75039"},"modified":"2018-12-01T17:06:03","modified_gmt":"2018-12-01T20:06:03","slug":"pb-tem-ate-31-de-dezembro-para-implantar-placas-do-mercosul-nao-posso-assegurar-diz-detran","status":"publish","type":"post","link":"https:\/\/www.caririemacao.com\/1\/2018\/12\/01\/pb-tem-ate-31-de-dezembro-para-implantar-placas-do-mercosul-nao-posso-assegurar-diz-detran\/","title":{"rendered":"PB tem at\u00e9 31 de dezembro para implantar placas do Mercosul; &#8216;n\u00e3o posso assegurar&#8217;, diz Detran"},"content":{"rendered":"<div class=\"noticiacorpo\">\n<div class=\"mc-column content-text active-extra-styles active-capital-letter\" data-block-type=\"unstyled\" data-block-weight=\"50\" data-block-id=\"2\">\n<p class=\"content-text__container theme-color-primary-first-letter\" data-track-category=\"Link no Texto\">O\u00a0Conselho Nacional de Tr\u00e2nsito (Contran) estipulou, nesta sexta-feira (30), um prazo\u00a0de at\u00e9 31 de dezembro para que o Departamento Estadual de Tr\u00e2nsito da Para\u00edba (Detran-PB) implemente as placas padr\u00e3o Mercosul no estado. Ao G1, o superintendente Agamenon Vieira afirmou que ainda n\u00e3o sabe se conseguir\u00e1 cumprir o prazo.<\/p>\n<\/div>\n<div class=\"wall protected-content\">\n<div class=\"mc-column content-text active-extra-styles \" data-block-type=\"unstyled\" data-block-weight=\"57\" data-block-id=\"3\">\n<p class=\"content-text__container \" data-track-category=\"Link no Texto\">\u201cNesse momento, n\u00e3o posso assegurar. Vou reunir, na pr\u00f3xima ter\u00e7a-feira pela manh\u00e3, o Departamento de Processamento de Dados do Detran e tamb\u00e9m a empresa que implementa o servi\u00e7o de emplacamento no estado da Para\u00edba para a gente fazer uma avalia\u00e7\u00e3o e dar uma resposta mais concreta sobre se vai ser poss\u00edvel implantar at\u00e9 o dia 31\u201d, afirmou.<\/p>\n<\/div>\n<div class=\"mc-column content-text active-extra-styles \" data-block-type=\"unstyled\" data-block-weight=\"40\" data-block-id=\"4\">\n<p class=\"content-text__container \" data-track-category=\"Link no Texto\">O superintendente explicou que, no dia 28 de novembro, havia enviado um of\u00edcio ao Departamento Nacional de Tr\u00e2nsito (Denatran), solicitando prorroga\u00e7\u00e3o por 60 dias, ou mais, do prazo para implanta\u00e7\u00e3o da placa com o padr\u00e3o Mercosul nos ve\u00edculos do estado.<\/p>\n<\/div>\n<div class=\"mc-column content-text active-extra-styles \" data-block-type=\"unstyled\" data-block-weight=\"47\" data-block-id=\"5\">\n<p class=\"content-text__container \" data-track-category=\"Link no Texto\">Segundo ele, o Detran da Para\u00edba est\u00e1 passando por dificuldades no sentido de se adequar para a implanta\u00e7\u00e3o das novas placas. \u201cNo caso espec\u00edfico da Para\u00edba, h\u00e1 a necessidade por parte da Divis\u00e3o de Processamento de Dados de concluir com seguran\u00e7a as adequa\u00e7\u00f5es necess\u00e1rias ao sistema\u201d, explicou.<\/p>\n<\/div>\n<div class=\"mc-column content-text active-extra-styles \" data-block-type=\"unstyled\" data-block-weight=\"49\" data-block-id=\"6\">\n<p class=\"content-text__container \" data-track-category=\"Link no Texto\">Agamenon enfatizou que respeita o Contran e o Denatran, mas questionou a \u201cinsist\u00eancia\u201d em implantar as novas placas ainda este ano. Ele lembrou que altera\u00e7\u00f5es ainda est\u00e3o sendo feitas no padr\u00e3o, a exemplo da\u00a0retirada dos bras\u00f5es do estado e do munic\u00edpio das placas, feita na \u00faltima quarta-feira (28).<\/p>\n<\/div>\n<div class=\"mc-column content-text active-extra-styles \" data-block-type=\"unstyled\" data-block-weight=\"39\" data-block-id=\"7\">\n<p class=\"content-text__container \" data-track-category=\"Link no Texto\">\u201cS\u00e3o novas gest\u00f5es, muitos governadores v\u00e3o entrar pela primeira vez, um presidente da rep\u00fablica tomando posse e a gente implantar uma placa que tem uma complexidade dessa. Precisamos de mais tempo para ter seguran\u00e7a tanto t\u00e9cnica quanto jur\u00eddica\u201d, pontuou.<\/p>\n<\/div>\n<div class=\"mc-column content-text active-extra-styles\" data-block-type=\"raw\" data-block-weight=\"9\" data-block-id=\"8\">\n<div class=\"content-intertitle\">\n<p><strong>Veja os prazos para cada estado e o DF:<\/strong><\/p>\n<\/div>\n<\/div>\n<div class=\"mc-column content-text active-extra-styles\" data-block-type=\"raw\" data-block-weight=\"71\" data-block-id=\"9\">\n<ul class=\"content-unordered-list\">\n<li>Rio de Janeiro &#8211; at\u00e9 3 dezembro<\/li>\n<li>Amazonas, Esp\u00edrito Santo, Goi\u00e1s, Pernambuco e Rond\u00f4nia &#8211; at\u00e9 10 de dezembro<\/li>\n<li>Bahia, Rio Grande do Norte e Rio Grande do Sul &#8211; at\u00e9 17 de dezembro<\/li>\n<li>Acre, Alagoas, Maranh\u00e3o, Paran\u00e1 e Piau\u00ed &#8211; at\u00e9 24 de dezembro<\/li>\n<li>Amap\u00e1, Cear\u00e1, Distrito Federal, Mato Grosso, Mato Grosso do Sul, Minas Geras, Par\u00e1, Para\u00edba, Roraima, Santa Catarina, S\u00e3o Paulo, Sergipe e Tocantins &#8211; 31 de dezembro.<\/li>\n<\/ul>\n<div class=\"mc-column content-text active-extra-styles\" data-block-type=\"raw\" data-block-weight=\"3\" data-block-id=\"11\">\n<div class=\"content-intertitle\">\n<p>Quem precisa trocar<\/p>\n<\/div>\n<\/div>\n<div class=\"mc-column content-text active-extra-styles \" data-block-type=\"unstyled\" data-block-weight=\"26\" data-block-id=\"12\">\n<p class=\"content-text__container \" data-track-category=\"Link no Texto\">O novo padr\u00e3o s\u00f3 precisa ser adotado para o primeiro emplacamento e, para quem tiver a placa antiga, no caso da troca de munic\u00edpio ou propriedade.<\/p>\n<div class=\"mc-column content-text active-extra-styles\" data-block-type=\"raw\" data-block-weight=\"1\" data-block-id=\"14\">\n<div class=\"content-intertitle\">\n<p>&#8216;Novela&#8217;<\/p>\n<\/div>\n<\/div>\n<div class=\"mc-column content-text active-extra-styles \" data-block-type=\"unstyled\" data-block-weight=\"25\" data-block-id=\"15\">\n<p class=\"content-text__container \" data-track-category=\"Link no Texto\">Este \u00e9 a quarta mudan\u00e7a no cronograma de ado\u00e7\u00e3o da placa do Mercosul no Brasil. O padr\u00e3o j\u00e1 \u00e9 usado na Argentina e no Uruguai.<\/p>\n<\/div>\n<div class=\"mc-column content-text active-extra-styles \" data-block-type=\"unstyled\" data-block-weight=\"25\" data-block-id=\"16\">\n<p class=\"content-text__container \" data-track-category=\"Link no Texto\">Ela foi anunciada em 2014, deveria ter entrado em vigor por aqui em janeiro de 2016, foi adiada para 2017 e depois por tempo indeterminado.<\/p>\n<\/div>\n<div class=\"mc-column content-text active-extra-styles \" data-block-type=\"unstyled\" data-block-weight=\"16\" data-block-id=\"17\">\n<p class=\"content-text__container \" data-track-category=\"Link no Texto\">Uma disputa judicial\u00a0chegou a interromper a obrigatoriedade, mas\u00a0o governo recorreu e retomou os emplacamentos.<\/p>\n<\/div>\n<p>Os \u00faltimos cap\u00edtulos envolveram uma\u00a0autoriza\u00e7\u00e3o para a redu\u00e7\u00e3o do tamanho\u00a0caso as placas n\u00e3o se encaixem nos locais determinados nos ve\u00edculos e a\u00a0retirada dos s\u00edmbolos de identifica\u00e7\u00e3o de estado e munic\u00edpio.<\/p>\n<\/div>\n<\/div>\n<\/div>\n<\/div>\n<p class=\"noticia_fonte\">G1-PB<\/p>\n","protected":false},"excerpt":{"rendered":"<p>O\u00a0Conselho Nacional de Tr\u00e2nsito (Contran) estipulou, nesta sexta-feira (30), um prazo\u00a0de at\u00e9 31 de dezembro para que o Departamento Estadual de Tr\u00e2nsito da Para\u00edba (Detran-PB)&hellip; <\/p>\n","protected":false},"author":2,"featured_media":75041,"comment_status":"closed","ping_status":"closed","sticky":false,"template":"","format":"standard","meta":{"sfsi_plus_gutenberg_text_before_share":"","sfsi_plus_gutenberg_show_text_before_share":"","sfsi_plus_gutenberg_icon_type":"","sfsi_plus_gutenberg_icon_alignemt":"","sfsi_plus_gutenburg_max_per_row":"","footnotes":""},"categories":[50,2],"tags":[],"class_list":["post-75039","post","type-post","status-publish","format-standard","has-post-thumbnail","hentry","category-destaque","category-geral"],"_links":{"self":[{"href":"https:\/\/www.caririemacao.com\/1\/wp-json\/wp\/v2\/posts\/75039","targetHints":{"allow":["GET"]}}],"collection":[{"href":"https:\/\/www.caririemacao.com\/1\/wp-json\/wp\/v2\/posts"}],"about":[{"href":"https:\/\/www.caririemacao.com\/1\/wp-json\/wp\/v2\/types\/post"}],"author":[{"embeddable":true,"href":"https:\/\/www.caririemacao.com\/1\/wp-json\/wp\/v2\/users\/2"}],"replies":[{"embeddable":true,"href":"https:\/\/www.caririemacao.com\/1\/wp-json\/wp\/v2\/comments?post=75039"}],"version-history":[{"count":1,"href":"https:\/\/www.caririemacao.com\/1\/wp-json\/wp\/v2\/posts\/75039\/revisions"}],"predecessor-version":[{"id":75042,"href":"https:\/\/www.caririemacao.com\/1\/wp-json\/wp\/v2\/posts\/75039\/revisions\/75042"}],"wp:featuredmedia":[{"embeddable":true,"href":"https:\/\/www.caririemacao.com\/1\/wp-json\/wp\/v2\/media\/75041"}],"wp:attachment":[{"href":"https:\/\/www.caririemacao.com\/1\/wp-json\/wp\/v2\/media?parent=75039"}],"wp:term":[{"taxonomy":"category","embeddable":true,"href":"https:\/\/www.caririemacao.com\/1\/wp-json\/wp\/v2\/categories?post=75039"},{"taxonomy":"post_tag","embeddable":true,"href":"https:\/\/www.caririemacao.com\/1\/wp-json\/wp\/v2\/tags?post=75039"}],"curies":[{"name":"wp","href":"https:\/\/api.w.org\/{rel}","templated":true}]}}