{"id":75040,"date":"2018-12-01T16:58:19","date_gmt":"2018-12-01T19:58:19","guid":{"rendered":"http:\/\/www.caririemacao.com\/1\/?p=75040"},"modified":"2018-12-01T16:58:19","modified_gmt":"2018-12-01T19:58:19","slug":"dezembro-laranja-se-exponha-mas-nao-se-queime-e-o-tema-da-campanha-nacional-de-prevencao-ao-cancer-da-pele-deste-ano","status":"publish","type":"post","link":"https:\/\/www.caririemacao.com\/1\/2018\/12\/01\/dezembro-laranja-se-exponha-mas-nao-se-queime-e-o-tema-da-campanha-nacional-de-prevencao-ao-cancer-da-pele-deste-ano\/","title":{"rendered":"DEZEMBRO LARANJA: \u201cSe exponha, mas n\u00e3o se queime\u201d \u00e9 o tema da Campanha Nacional de Preven\u00e7\u00e3o ao C\u00e2ncer da Pele deste ano"},"content":{"rendered":"<p>A Sociedade Brasileira de Dermatologia (SBD), deu in\u00edcio ao movimento de combate ao c\u00e2ncer de pele, que recebeu o nome \u201cDezembro Laranja\u201d em 2014, com a inten\u00e7\u00e3o de estimular a preven\u00e7\u00e3o e o diagn\u00f3stico ao c\u00e2ncer de pele.<\/p>\n<p>No \u00faltimo m\u00eas do ano, a SBD, realiza a\u00e7\u00f5es para lembrar a popula\u00e7\u00e3o sobre como evitar o c\u00e2ncer mais comum no pa\u00eds e faz convite para que internautas postem nas redes sociais uma foto vestindo alguma pe\u00e7a de roupa laranja, usando a hashtag #dezembrolaranja.<\/p>\n<p>Outras a\u00e7\u00f5es que s\u00e3o realizadas incluem iniciativas de conscientiza\u00e7\u00e3o em praias e parques com distribui\u00e7\u00e3o de filtro solar, ilumina\u00e7\u00e3o de monumentos, entre outras. \u00a0O c\u00e2ncer de pele \u00e9 o tipo de doen\u00e7a mais incidente no Brasil, com 176 mil novos casos por ano.<\/p>\n<p>O tema da campanha \u00e9 renovado todos os anos para atrair um maior n\u00famero de pessoas na luta de conscientiza\u00e7\u00e3o. O tema da Campanha Nacional de Preven\u00e7\u00e3o ao C\u00e2ncer da Pele deste ano \u00e9 \u201cSe exponha mas n\u00e3o se queime\u201d e ganha destaque com o movimento Dezembro Laranja, na divulga\u00e7\u00e3o de informa\u00e7\u00f5es para a popula\u00e7\u00e3o sobre as formas de preven\u00e7\u00e3o com algumas medidas fotoprotetoras, e a procura por m\u00e9dicos especializados\u00a0 para um melhor diagn\u00f3stico e tratamento.<\/p>\n","protected":false},"excerpt":{"rendered":"<p>A Sociedade Brasileira de Dermatologia (SBD), deu in\u00edcio ao movimento de combate ao c\u00e2ncer de pele, que recebeu o nome \u201cDezembro Laranja\u201d em 2014, com&hellip; <\/p>\n","protected":false},"author":1,"featured_media":75044,"comment_status":"closed","ping_status":"closed","sticky":false,"template":"","format":"standard","meta":{"sfsi_plus_gutenberg_text_before_share":"","sfsi_plus_gutenberg_show_text_before_share":"","sfsi_plus_gutenberg_icon_type":"","sfsi_plus_gutenberg_icon_alignemt":"","sfsi_plus_gutenburg_max_per_row":"","footnotes":""},"categories":[16],"tags":[],"class_list":["post-75040","post","type-post","status-publish","format-standard","has-post-thumbnail","hentry","category-saude"],"_links":{"self":[{"href":"https:\/\/www.caririemacao.com\/1\/wp-json\/wp\/v2\/posts\/75040","targetHints":{"allow":["GET"]}}],"collection":[{"href":"https:\/\/www.caririemacao.com\/1\/wp-json\/wp\/v2\/posts"}],"about":[{"href":"https:\/\/www.caririemacao.com\/1\/wp-json\/wp\/v2\/types\/post"}],"author":[{"embeddable":true,"href":"https:\/\/www.caririemacao.com\/1\/wp-json\/wp\/v2\/users\/1"}],"replies":[{"embeddable":true,"href":"https:\/\/www.caririemacao.com\/1\/wp-json\/wp\/v2\/comments?post=75040"}],"version-history":[{"count":1,"href":"https:\/\/www.caririemacao.com\/1\/wp-json\/wp\/v2\/posts\/75040\/revisions"}],"predecessor-version":[{"id":75045,"href":"https:\/\/www.caririemacao.com\/1\/wp-json\/wp\/v2\/posts\/75040\/revisions\/75045"}],"wp:featuredmedia":[{"embeddable":true,"href":"https:\/\/www.caririemacao.com\/1\/wp-json\/wp\/v2\/media\/75044"}],"wp:attachment":[{"href":"https:\/\/www.caririemacao.com\/1\/wp-json\/wp\/v2\/media?parent=75040"}],"wp:term":[{"taxonomy":"category","embeddable":true,"href":"https:\/\/www.caririemacao.com\/1\/wp-json\/wp\/v2\/categories?post=75040"},{"taxonomy":"post_tag","embeddable":true,"href":"https:\/\/www.caririemacao.com\/1\/wp-json\/wp\/v2\/tags?post=75040"}],"curies":[{"name":"wp","href":"https:\/\/api.w.org\/{rel}","templated":true}]}}