{"id":75046,"date":"2018-12-01T17:01:25","date_gmt":"2018-12-01T20:01:25","guid":{"rendered":"http:\/\/www.caririemacao.com\/1\/?p=75046"},"modified":"2018-12-01T17:01:52","modified_gmt":"2018-12-01T20:01:52","slug":"conheca-a-penitenciaria-que-esta-dando-tablets-aos-presos-para-ajudar-na-recuperacao","status":"publish","type":"post","link":"https:\/\/www.caririemacao.com\/1\/2018\/12\/01\/conheca-a-penitenciaria-que-esta-dando-tablets-aos-presos-para-ajudar-na-recuperacao\/","title":{"rendered":"Conhe\u00e7a a penitenci\u00e1ria que est\u00e1 dando tablets aos presos para ajudar na recupera\u00e7\u00e3o"},"content":{"rendered":"<p>Enviar emails para familiares e amigos, pesquisar receitas para cozinhar no almo\u00e7o ou jantar, fazer cursos de l\u00ednguas e profissionalizantes, procurar emprego ou moradia: todas essas possibilidades rotineiras de uso da internet est\u00e3o dispon\u00edveis agora a um grupo de presos em Berlim.<\/p>\n<p>Numa iniciativa in\u00e9dita na Alemanha, a capital testa desde junho um projeto piloto para a digitaliza\u00e7\u00e3o de penitenci\u00e1rias. Nesta primeira fase, 70 detentos de um pres\u00eddio no sudoeste de Berlim foram selecionados para receber os tablets disponibilizados pelo governo.<\/p>\n<p>O projeto faz parte do processo de ressocializa\u00e7\u00e3o dos criminosos. Al\u00e9m de disponibilizar cursos profissionalizantes e contribuir para a manuten\u00e7\u00e3o dos la\u00e7os entre detentos e suas fam\u00edlias e amigos, o uso da internet permite que eles possam sair da pris\u00e3o com perspectivas de emprego e moradia.<\/p>\n<p>\u201cA internet \u00e9 necess\u00e1ria para fazer contatos quando se deseja que um preso, depois de cumprir a pena, viva sem cometer crimes. N\u00e3o adianta nada se um detento ap\u00f3s duas semanas solto volta para a pris\u00e3o porque n\u00e3o encontrou um emprego ou uma casa e, por isso, precisou cometer algum delito\u201d, afirma Sebastian Brux, porta-voz da Secret\u00e1ria Estadual para Justi\u00e7a, Prote\u00e7\u00e3o ao Consumidor e Antidiscrimina\u00e7\u00e3o, que coordena o projeto.<\/p>\n<p>Mas n\u00e3o \u00e9 somente a import\u00e2ncia para a ressocializa\u00e7\u00e3o que motivou a digitaliza\u00e7\u00e3o nas penitenci\u00e1rias berlinenses. A legisla\u00e7\u00e3o alem\u00e3 prev\u00ea o princ\u00edpio de igualdade, pelo qual pres\u00eddios devem proporcionar aos detentos um ambiente o mais pr\u00f3ximo poss\u00edvel da realidade fora das grades. Uma vida sem internet \u00e9 dif\u00edcil de imaginar nos dias atuais.<\/p>\n<p>Para Heinz Cornel, professor de diretor e criminologia da Faculdade Alice Salomon, em Berlim, a iniciativa \u00e9 extremamente necess\u00e1ria diante a expans\u00e3o digital das \u00faltimas d\u00e9cadas.<\/p>\n<p>\u201cPara ressocializa\u00e7\u00e3o \u00e9 importante que os presos mantenham refer\u00eancias de fora da pris\u00e3o e que sua comunica\u00e7\u00e3o n\u00e3o seja reduzida ao mundo interno dos pres\u00eddios. Al\u00e9m disso, toda a prepara\u00e7\u00e3o para a sa\u00edda da pris\u00e3o, como a busca por moradia ou emprego, s\u00f3 \u00e9 poss\u00edvel por meio da internet. \u00c9 ruim quando eles saem da pris\u00e3o e n\u00e3o sabem para onde ir e o que fazer\u201d, avalia o especialista.<\/p>\n<p>Cornel destaca ainda que a internet contribui para a forma\u00e7\u00e3o profissional de detentos e lembra que v\u00e1rios estudos mostram que, quanto mais preparados os presos estiverem para a vida fora da pris\u00e3o, menor \u00e9 o \u00edndice de reincid\u00eancia entre aqueles que j\u00e1 cumpriram pena.<\/p>\n<p><span class=\"storyimage fullwidth inlineimage\" data-aop=\"image\"><span class=\"image\" data-id=\"79\" data-attrib=\"Getty Images\" data-caption=\"Prisioneiros t\u00eam acesso limitado \u00e0 internet\" data-m=\"{&quot;i&quot;:79,&quot;p&quot;:77,&quot;n&quot;:&quot;openModal&quot;,&quot;t&quot;:&quot;articleImages&quot;,&quot;o&quot;:2}\"><img decoding=\"async\" class=\"loaded\" title=\"Homem usa tablet: Prisioneiros t\u00eam acesso limitado \u00e0 internet\" src=\"https:\/\/img-s-msn-com.akamaized.net\/tenant\/amp\/entityid\/BBPXoGo.img?h=630&amp;w=1119&amp;m=6&amp;q=60&amp;o=f&amp;l=f\" alt=\"Homem usa tablet: Prisioneiros t\u00eam acesso limitado \u00e0 internet\" data-src=\"{&quot;default&quot;:{&quot;load&quot;:&quot;default&quot;,&quot;w&quot;:&quot;80&quot;,&quot;h&quot;:&quot;45&quot;,&quot;src&quot;:&quot;\/\/img-s-msn-com.akamaized.net\/tenant\/amp\/entityid\/BBPXoGo.img?h=450&amp;w=799&amp;m=6&amp;q=60&amp;o=f&amp;l=f&quot;},&quot;size3column&quot;:{&quot;load&quot;:&quot;default&quot;,&quot;w&quot;:&quot;62&quot;,&quot;h&quot;:&quot;35&quot;,&quot;src&quot;:&quot;\/\/img-s-msn-com.akamaized.net\/tenant\/amp\/entityid\/BBPXoGo.img?h=351&amp;w=624&amp;m=6&amp;q=60&amp;o=f&amp;l=f&quot;},&quot;size2column&quot;:{&quot;load&quot;:&quot;default&quot;,&quot;w&quot;:&quot;62&quot;,&quot;h&quot;:&quot;35&quot;,&quot;src&quot;:&quot;\/\/img-s-msn-com.akamaized.net\/tenant\/amp\/entityid\/BBPXoGo.img?h=351&amp;w=624&amp;m=6&amp;q=60&amp;o=f&amp;l=f&quot;}}\" \/><\/span><span class=\"caption truncate\"><span class=\"attribution\">\u00a9 Getty Images<\/span>\u00a0Prisioneiros t\u00eam acesso limitado \u00e0 internet<\/span><\/span><\/p>\n<p>Apesar de ser in\u00e9dita na Alemanha, iniciativas semelhantes j\u00e1 existem na Dinamarca e na Noruega, segundo Cornel. Nestes dois pa\u00edses n\u00f3rdicos, os detentos que cumprem pena em penitenci\u00e1rias de regime semiaberto j\u00e1 tem acesso \u00e0 internet. Al\u00e9m do exemplo europeu, pres\u00eddios em diversos Estados americanos tamb\u00e9m est\u00e3o come\u00e7ando a disponibilizar tablets aos presos.<\/p>\n<h3>Sites, anexos e c\u00e2mera bloqueados<\/h3>\n<p>Em Berlim, os tablets s\u00e3o de uso pessoal e guardados pelos presos dentro das suas celas. Cada um dos participantes do projeto possui uma senha individual para ter acesso ao aparelho. Para evitar o uso dos computadores em golpes ou atividades criminosas, um filtro de seguran\u00e7a foi desenvolvido pelo Instituto Fraunhofer para Sistemas de Comunica\u00e7\u00e3o Abertos.<\/p>\n<p>Este sistema possibilita apenas o acesso a cerca de 30 sites, entre eles cursos online, de receitas, de not\u00edcias, e parte do servi\u00e7o de streaming de uma emissora de televis\u00e3o alem\u00e3. Al\u00e9m disso, n\u00e3o poss\u00edvel enviar ou receber anexos por email e a c\u00e2mera do aparelho \u00e9 bloqueada.<\/p>\n<p>Segundo Brux, nestes primeiros meses de teste, a busca por receitas culin\u00e1rias foi um dos usos mais populares da internet por detentos. Nas penitenci\u00e1rias de Berlim, os presos est\u00e3o divididos em esta\u00e7\u00f5es onde h\u00e1 uma cozinha comunit\u00e1ria e, apesar de receberam as refei\u00e7\u00f5es prontas, eles podem optar por cozinhar por conta pr\u00f3pria. Nesse caso, eles fazem uma lista dos ingredientes de que precisam e, a cada duas semanas, \u00e9 feita a entrega.<\/p>\n<p>&nbsp;<\/p>\n<p>&nbsp;<\/p>\n<p>MSN<\/p>\n","protected":false},"excerpt":{"rendered":"<p>Enviar emails para familiares e amigos, pesquisar receitas para cozinhar no almo\u00e7o ou jantar, fazer cursos de l\u00ednguas e profissionalizantes, procurar emprego ou moradia: todas&hellip; <\/p>\n","protected":false},"author":1,"featured_media":75048,"comment_status":"closed","ping_status":"closed","sticky":false,"template":"","format":"standard","meta":{"sfsi_plus_gutenberg_text_before_share":"","sfsi_plus_gutenberg_show_text_before_share":"","sfsi_plus_gutenberg_icon_type":"","sfsi_plus_gutenberg_icon_alignemt":"","sfsi_plus_gutenburg_max_per_row":"","footnotes":""},"categories":[2],"tags":[],"class_list":["post-75046","post","type-post","status-publish","format-standard","has-post-thumbnail","hentry","category-geral"],"_links":{"self":[{"href":"https:\/\/www.caririemacao.com\/1\/wp-json\/wp\/v2\/posts\/75046","targetHints":{"allow":["GET"]}}],"collection":[{"href":"https:\/\/www.caririemacao.com\/1\/wp-json\/wp\/v2\/posts"}],"about":[{"href":"https:\/\/www.caririemacao.com\/1\/wp-json\/wp\/v2\/types\/post"}],"author":[{"embeddable":true,"href":"https:\/\/www.caririemacao.com\/1\/wp-json\/wp\/v2\/users\/1"}],"replies":[{"embeddable":true,"href":"https:\/\/www.caririemacao.com\/1\/wp-json\/wp\/v2\/comments?post=75046"}],"version-history":[{"count":1,"href":"https:\/\/www.caririemacao.com\/1\/wp-json\/wp\/v2\/posts\/75046\/revisions"}],"predecessor-version":[{"id":75050,"href":"https:\/\/www.caririemacao.com\/1\/wp-json\/wp\/v2\/posts\/75046\/revisions\/75050"}],"wp:featuredmedia":[{"embeddable":true,"href":"https:\/\/www.caririemacao.com\/1\/wp-json\/wp\/v2\/media\/75048"}],"wp:attachment":[{"href":"https:\/\/www.caririemacao.com\/1\/wp-json\/wp\/v2\/media?parent=75046"}],"wp:term":[{"taxonomy":"category","embeddable":true,"href":"https:\/\/www.caririemacao.com\/1\/wp-json\/wp\/v2\/categories?post=75046"},{"taxonomy":"post_tag","embeddable":true,"href":"https:\/\/www.caririemacao.com\/1\/wp-json\/wp\/v2\/tags?post=75046"}],"curies":[{"name":"wp","href":"https:\/\/api.w.org\/{rel}","templated":true}]}}