{"id":75047,"date":"2018-12-01T17:03:08","date_gmt":"2018-12-01T20:03:08","guid":{"rendered":"http:\/\/www.caririemacao.com\/1\/?p=75047"},"modified":"2018-12-01T17:03:08","modified_gmt":"2018-12-01T20:03:08","slug":"equipe-da-selebranca-confirma-participacao-para-a-disputa-da-copa-cariri-de-futsal-2019-2","status":"publish","type":"post","link":"https:\/\/www.caririemacao.com\/1\/2018\/12\/01\/equipe-da-selebranca-confirma-participacao-para-a-disputa-da-copa-cariri-de-futsal-2019-2\/","title":{"rendered":"Equipe da Selebranca confirma participa\u00e7\u00e3o para a disputa da Copa Cariri de Futsal 2019"},"content":{"rendered":"<p>A tradicional equipe da Selebranca de Futsal pertencente a cidade de Serra Branca &#8211; PB, ap\u00f3s 03 anos sem participar de atividades esportivas e competi\u00e7\u00f5es regionais, a agremia\u00e7\u00e3o serrabranquense confirmou nesta quarta-feira(28), a sua participa\u00e7\u00e3o na 12\u00ba edi\u00e7\u00e3o da Copa Cariri de Futsal.<\/p>\n<p>A novidade foi confirmada pelo diretor da equipe de futsal, Edinho do Feij\u00e3o, que j\u00e1 encaminhou a participa\u00e7\u00e3o junto a Dami\u00e3o Lima, coordenador da Copa Cariri de Futsal.<\/p>\n<p>A equipe da Selebranca j\u00e1 fez sua hist\u00f3ria na competi\u00e7\u00e3o da Copa Cariri de Futsal, se consolidando como uma das principais equipes de futsal da regi\u00e3o.<\/p>\n<p>A Comiss\u00e3o T\u00e9cnica da Selebranca ser\u00e1 formada pelo Prof. Graziani (Treinador), Babal (Treinador F\u00edsico) e o Coordenador t\u00e9cnico ser\u00e1 Edinho do Feij\u00e3o, que em anos est\u00e1 a frente do Departamento de Esporte, onde esteve participando nas conquistas de 2011 (3\u00ba lugar), em 2012, (5\u00ba lugar) e em 2013 e 2014\u00a0 vice-campe\u00e3o), assim trazendo duas finais para a cidade de Serra Branca.<\/p>\n<p>Edinho do Feij\u00e3o ainda afirma que ir\u00e1 buscar reativar o Futsal, j\u00e1 que com autoriza\u00e7\u00e3o do prefeito Souzinha,\u00a0 ir\u00e1 fazer o melhor para reativar o futsal e grandeza da Selebranca em 2018.<\/p>\n<p>Competi\u00e7\u00e3o ter\u00e1 a volta da cidade de Serra Branca ap\u00f3s a reforma do Gin\u00e1sio de Esportes Wamberto Torre\u00e3o<\/p>\n<p>Para esta edi\u00e7\u00e3o, a Copa Cariri de Futsal ganhar\u00e1 a volta da cidade de Serra Branca, cidade que tradicionalmente participou e sempre apoiou a competi\u00e7\u00e3o esportiva. Ap\u00f3s anos sem participar devido a paralisa\u00e7\u00e3o e a reforma na estrutura\u00e7\u00e3o do Gin\u00e1sio de Esportes &#8220;Wamberto Torre\u00e3o&#8221;, o palco esportivo ser\u00e1 em breve reinaugurado e estar\u00e1 pronto para a pratica do futsal. Com isso, a Sele\u00e7\u00e3o de Futsal de Serra Branca estar\u00e1 de volta a competi\u00e7\u00e3o.<\/p>\n<p style=\"text-align: right;\"><em><strong>Cariri Esporte<\/strong><\/em><\/p>\n","protected":false},"excerpt":{"rendered":"<p>A tradicional equipe da Selebranca de Futsal pertencente a cidade de Serra Branca &#8211; PB, ap\u00f3s 03 anos sem participar de atividades esportivas e competi\u00e7\u00f5es&hellip; <\/p>\n","protected":false},"author":1,"featured_media":75049,"comment_status":"closed","ping_status":"closed","sticky":false,"template":"","format":"standard","meta":{"sfsi_plus_gutenberg_text_before_share":"","sfsi_plus_gutenberg_show_text_before_share":"","sfsi_plus_gutenberg_icon_type":"","sfsi_plus_gutenberg_icon_alignemt":"","sfsi_plus_gutenburg_max_per_row":"","footnotes":""},"categories":[13],"tags":[],"class_list":["post-75047","post","type-post","status-publish","format-standard","has-post-thumbnail","hentry","category-esportes"],"_links":{"self":[{"href":"https:\/\/www.caririemacao.com\/1\/wp-json\/wp\/v2\/posts\/75047","targetHints":{"allow":["GET"]}}],"collection":[{"href":"https:\/\/www.caririemacao.com\/1\/wp-json\/wp\/v2\/posts"}],"about":[{"href":"https:\/\/www.caririemacao.com\/1\/wp-json\/wp\/v2\/types\/post"}],"author":[{"embeddable":true,"href":"https:\/\/www.caririemacao.com\/1\/wp-json\/wp\/v2\/users\/1"}],"replies":[{"embeddable":true,"href":"https:\/\/www.caririemacao.com\/1\/wp-json\/wp\/v2\/comments?post=75047"}],"version-history":[{"count":1,"href":"https:\/\/www.caririemacao.com\/1\/wp-json\/wp\/v2\/posts\/75047\/revisions"}],"predecessor-version":[{"id":75052,"href":"https:\/\/www.caririemacao.com\/1\/wp-json\/wp\/v2\/posts\/75047\/revisions\/75052"}],"wp:featuredmedia":[{"embeddable":true,"href":"https:\/\/www.caririemacao.com\/1\/wp-json\/wp\/v2\/media\/75049"}],"wp:attachment":[{"href":"https:\/\/www.caririemacao.com\/1\/wp-json\/wp\/v2\/media?parent=75047"}],"wp:term":[{"taxonomy":"category","embeddable":true,"href":"https:\/\/www.caririemacao.com\/1\/wp-json\/wp\/v2\/categories?post=75047"},{"taxonomy":"post_tag","embeddable":true,"href":"https:\/\/www.caririemacao.com\/1\/wp-json\/wp\/v2\/tags?post=75047"}],"curies":[{"name":"wp","href":"https:\/\/api.w.org\/{rel}","templated":true}]}}